{"id":3371,"date":"2026-01-23T14:08:42","date_gmt":"2026-01-23T13:08:42","guid":{"rendered":"https:\/\/www.r2ie.org\/index.php\/2026\/01\/23\/le-protectionnisme-vert-quand-lunion-europeenne-moralise-le-commerce-du-bois\/"},"modified":"2026-01-23T14:08:42","modified_gmt":"2026-01-23T13:08:42","slug":"le-protectionnisme-vert-quand-lunion-europeenne-moralise-le-commerce-du-bois","status":"publish","type":"post","link":"https:\/\/www.r2ie.org\/index.php\/2026\/01\/23\/le-protectionnisme-vert-quand-lunion-europeenne-moralise-le-commerce-du-bois\/","title":{"rendered":"Le protectionnisme vert, quand l\u2019Union europ\u00e9enne moralise le commerce du bois"},"content":{"rendered":"<p>La plan\u00e8te, l\u2019Union europ\u00e9enne (UE) a d\u00e9ploy\u00e9 une s\u00e9rie de r\u00e9formes environnementales qui redessinent\u00a0 subtilement les \u00e9quilibres \u00e9conomiques mondiaux. \u00c0 travers la European Timber Regulation (EUTR), adopt\u00e9e en 2010, l\u2019UE impose ses standards de l\u00e9galit\u00e9 et de tra\u00e7abilit\u00e9 au commerce du bois. Pr\u00e9sent\u00e9e comme un outil de lutte contre la d\u00e9forestation, cette r\u00e9glementation agit aussi comme un puissant levier d\u2019influence \u00e9conomique. Ce processus consiste \u00e0 transformer\u00a0 un discours moral en instrument de r\u00e9gulation commerciale.<br \/>\nL\u2019article Le protectionnisme vert, quand l\u2019Union europ\u00e9enne moralise le commerce du bois est apparu en premier sur Portail de l&rsquo;IE.\u00a0<a href=\"https:\/\/www.portail-ie.fr\/univers\/2026\/le-protectionnisme-vert-quand-lunion-europeenne-moralise-le-commerce-du-bois\/\" target=\"_blank\" class=\"feedzy-rss-link-icon\">Read More<\/a>\u00a0Portail de l&rsquo;IE\u00a0<\/p>\n<p>\u200b\u00a0\u00a0<\/p>\n<p>\u00a0<\/p>","protected":false},"excerpt":{"rendered":"<p>La plan\u00e8te, l\u2019Union europ\u00e9enne (UE) a d\u00e9ploy\u00e9 une s\u00e9rie de r\u00e9formes environnementales qui redessinent\u00a0 subtilement les \u00e9quilibres \u00e9conomiques mondiaux. \u00c0 travers la European Timber Regulation (EUTR), adopt\u00e9e en 2010, l\u2019UE impose ses standards de l\u00e9galit\u00e9 et de tra\u00e7abilit\u00e9 au commerce du bois. Pr\u00e9sent\u00e9e comme un outil de lutte contre la d\u00e9forestation, cette r\u00e9glementation agit aussi&#8230;<\/p>\n","protected":false},"author":0,"featured_media":0,"comment_status":"closed","ping_status":"closed","sticky":false,"template":"","format":"standard","meta":{"_kad_post_transparent":"","_kad_post_title":"","_kad_post_layout":"","_kad_post_sidebar_id":"","_kad_post_content_style":"","_kad_post_vertical_padding":"","_kad_post_feature":"","_kad_post_feature_position":"","_kad_post_header":false,"_kad_post_footer":false,"footnotes":""},"categories":[12],"tags":[],"class_list":["post-3371","post","type-post","status-publish","format-standard","hentry","category-portail-de-lintelligence-economique"],"yoast_head":"<!-- This site is optimized with the Yoast SEO plugin v27.1.1 - https:\/\/yoast.com\/product\/yoast-seo-wordpress\/ -->\n<title>Le protectionnisme vert, quand l\u2019Union europ\u00e9enne moralise le commerce du bois - Revue Internationale d&#039;Intelligence Economique<\/title>\n<meta name=\"robots\" content=\"index, follow, max-snippet:-1, max-image-preview:large, max-video-preview:-1\" \/>\n<link rel=\"canonical\" href=\"https:\/\/www.r2ie.org\/index.php\/2026\/01\/23\/le-protectionnisme-vert-quand-lunion-europeenne-moralise-le-commerce-du-bois\/\" \/>\n<meta property=\"og:locale\" content=\"fr_FR\" \/>\n<meta property=\"og:type\" content=\"article\" \/>\n<meta property=\"og:title\" content=\"Le protectionnisme vert, quand l\u2019Union europ\u00e9enne moralise le commerce du bois - Revue Internationale d&#039;Intelligence Economique\" \/>\n<meta property=\"og:description\" content=\"La plan\u00e8te, l\u2019Union europ\u00e9enne (UE) a d\u00e9ploy\u00e9 une s\u00e9rie de r\u00e9formes environnementales qui redessinent\u00a0 subtilement les \u00e9quilibres \u00e9conomiques mondiaux. \u00c0 travers la European Timber Regulation (EUTR), adopt\u00e9e en 2010, l\u2019UE impose ses standards de l\u00e9galit\u00e9 et de tra\u00e7abilit\u00e9 au commerce du bois. Pr\u00e9sent\u00e9e comme un outil de lutte contre la d\u00e9forestation, cette r\u00e9glementation agit aussi...\" \/>\n<meta property=\"og:url\" content=\"https:\/\/www.r2ie.org\/index.php\/2026\/01\/23\/le-protectionnisme-vert-quand-lunion-europeenne-moralise-le-commerce-du-bois\/\" \/>\n<meta property=\"og:site_name\" content=\"Revue Internationale d&#039;Intelligence Economique\" \/>\n<meta property=\"article:published_time\" content=\"2026-01-23T13:08:42+00:00\" \/>\n<meta name=\"twitter:card\" content=\"summary_large_image\" \/>\n<meta name=\"twitter:label1\" content=\"Dur\u00e9e de lecture estim\u00e9e\" \/>\n\t<meta name=\"twitter:data1\" content=\"1 minute\" \/>\n<script type=\"application\/ld+json\" class=\"yoast-schema-graph\">{\"@context\":\"https:\/\/schema.org\",\"@graph\":[{\"@type\":\"Article\",\"@id\":\"https:\/\/www.r2ie.org\/index.php\/2026\/01\/23\/le-protectionnisme-vert-quand-lunion-europeenne-moralise-le-commerce-du-bois\/#article\",\"isPartOf\":{\"@id\":\"https:\/\/www.r2ie.org\/index.php\/2026\/01\/23\/le-protectionnisme-vert-quand-lunion-europeenne-moralise-le-commerce-du-bois\/\"},\"author\":{\"name\":\"\",\"@id\":\"\"},\"headline\":\"Le protectionnisme vert, quand l\u2019Union europ\u00e9enne moralise le commerce du bois\",\"datePublished\":\"2026-01-23T13:08:42+00:00\",\"mainEntityOfPage\":{\"@id\":\"https:\/\/www.r2ie.org\/index.php\/2026\/01\/23\/le-protectionnisme-vert-quand-lunion-europeenne-moralise-le-commerce-du-bois\/\"},\"wordCount\":128,\"publisher\":{\"@id\":\"https:\/\/www.r2ie.org\/#organization\"},\"articleSection\":[\"Portail de l'intelligence \u00e9conomique\"],\"inLanguage\":\"fr-FR\"},{\"@type\":\"WebPage\",\"@id\":\"https:\/\/www.r2ie.org\/index.php\/2026\/01\/23\/le-protectionnisme-vert-quand-lunion-europeenne-moralise-le-commerce-du-bois\/\",\"url\":\"https:\/\/www.r2ie.org\/index.php\/2026\/01\/23\/le-protectionnisme-vert-quand-lunion-europeenne-moralise-le-commerce-du-bois\/\",\"name\":\"Le protectionnisme vert, quand l\u2019Union europ\u00e9enne moralise le commerce du bois - Revue Internationale d&#039;Intelligence Economique\",\"isPartOf\":{\"@id\":\"https:\/\/www.r2ie.org\/#website\"},\"datePublished\":\"2026-01-23T13:08:42+00:00\",\"breadcrumb\":{\"@id\":\"https:\/\/www.r2ie.org\/index.php\/2026\/01\/23\/le-protectionnisme-vert-quand-lunion-europeenne-moralise-le-commerce-du-bois\/#breadcrumb\"},\"inLanguage\":\"fr-FR\",\"potentialAction\":[{\"@type\":\"ReadAction\",\"target\":[\"https:\/\/www.r2ie.org\/index.php\/2026\/01\/23\/le-protectionnisme-vert-quand-lunion-europeenne-moralise-le-commerce-du-bois\/\"]}]},{\"@type\":\"BreadcrumbList\",\"@id\":\"https:\/\/www.r2ie.org\/index.php\/2026\/01\/23\/le-protectionnisme-vert-quand-lunion-europeenne-moralise-le-commerce-du-bois\/#breadcrumb\",\"itemListElement\":[{\"@type\":\"ListItem\",\"position\":1,\"name\":\"Accueil\",\"item\":\"https:\/\/www.r2ie.org\/\"},{\"@type\":\"ListItem\",\"position\":2,\"name\":\"Le protectionnisme vert, quand l\u2019Union europ\u00e9enne moralise le commerce du bois\"}]},{\"@type\":\"WebSite\",\"@id\":\"https:\/\/www.r2ie.org\/#website\",\"url\":\"https:\/\/www.r2ie.org\/\",\"name\":\"Revue Internationale d&#039;Intelligence Economique\",\"description\":\"\",\"publisher\":{\"@id\":\"https:\/\/www.r2ie.org\/#organization\"},\"potentialAction\":[{\"@type\":\"SearchAction\",\"target\":{\"@type\":\"EntryPoint\",\"urlTemplate\":\"https:\/\/www.r2ie.org\/?s={search_term_string}\"},\"query-input\":{\"@type\":\"PropertyValueSpecification\",\"valueRequired\":true,\"valueName\":\"search_term_string\"}}],\"inLanguage\":\"fr-FR\"},{\"@type\":\"Organization\",\"@id\":\"https:\/\/www.r2ie.org\/#organization\",\"name\":\"Revue Internationale d&#039;Intelligence Economique\",\"url\":\"https:\/\/www.r2ie.org\/\",\"logo\":{\"@type\":\"ImageObject\",\"inLanguage\":\"fr-FR\",\"@id\":\"https:\/\/www.r2ie.org\/#\/schema\/logo\/image\/\",\"url\":\"https:\/\/www.r2ie.org\/wp-content\/uploads\/2023\/01\/cropped-cropped-logo-r2ie-dc3a9gradc3a9.webp\",\"contentUrl\":\"https:\/\/www.r2ie.org\/wp-content\/uploads\/2023\/01\/cropped-cropped-logo-r2ie-dc3a9gradc3a9.webp\",\"width\":654,\"height\":251,\"caption\":\"Revue Internationale d&#039;Intelligence Economique\"},\"image\":{\"@id\":\"https:\/\/www.r2ie.org\/#\/schema\/logo\/image\/\"}}]}<\/script>\n<!-- \/ Yoast SEO plugin. -->","yoast_head_json":{"title":"Le protectionnisme vert, quand l\u2019Union europ\u00e9enne moralise le commerce du bois - Revue Internationale d&#039;Intelligence Economique","robots":{"index":"index","follow":"follow","max-snippet":"max-snippet:-1","max-image-preview":"max-image-preview:large","max-video-preview":"max-video-preview:-1"},"canonical":"https:\/\/www.r2ie.org\/index.php\/2026\/01\/23\/le-protectionnisme-vert-quand-lunion-europeenne-moralise-le-commerce-du-bois\/","og_locale":"fr_FR","og_type":"article","og_title":"Le protectionnisme vert, quand l\u2019Union europ\u00e9enne moralise le commerce du bois - Revue Internationale d&#039;Intelligence Economique","og_description":"La plan\u00e8te, l\u2019Union europ\u00e9enne (UE) a d\u00e9ploy\u00e9 une s\u00e9rie de r\u00e9formes environnementales qui redessinent\u00a0 subtilement les \u00e9quilibres \u00e9conomiques mondiaux. \u00c0 travers la European Timber Regulation (EUTR), adopt\u00e9e en 2010, l\u2019UE impose ses standards de l\u00e9galit\u00e9 et de tra\u00e7abilit\u00e9 au commerce du bois. Pr\u00e9sent\u00e9e comme un outil de lutte contre la d\u00e9forestation, cette r\u00e9glementation agit aussi...","og_url":"https:\/\/www.r2ie.org\/index.php\/2026\/01\/23\/le-protectionnisme-vert-quand-lunion-europeenne-moralise-le-commerce-du-bois\/","og_site_name":"Revue Internationale d&#039;Intelligence Economique","article_published_time":"2026-01-23T13:08:42+00:00","twitter_card":"summary_large_image","twitter_misc":{"Dur\u00e9e de lecture estim\u00e9e":"1 minute"},"schema":{"@context":"https:\/\/schema.org","@graph":[{"@type":"Article","@id":"https:\/\/www.r2ie.org\/index.php\/2026\/01\/23\/le-protectionnisme-vert-quand-lunion-europeenne-moralise-le-commerce-du-bois\/#article","isPartOf":{"@id":"https:\/\/www.r2ie.org\/index.php\/2026\/01\/23\/le-protectionnisme-vert-quand-lunion-europeenne-moralise-le-commerce-du-bois\/"},"author":{"name":"","@id":""},"headline":"Le protectionnisme vert, quand l\u2019Union europ\u00e9enne moralise le commerce du bois","datePublished":"2026-01-23T13:08:42+00:00","mainEntityOfPage":{"@id":"https:\/\/www.r2ie.org\/index.php\/2026\/01\/23\/le-protectionnisme-vert-quand-lunion-europeenne-moralise-le-commerce-du-bois\/"},"wordCount":128,"publisher":{"@id":"https:\/\/www.r2ie.org\/#organization"},"articleSection":["Portail de l'intelligence \u00e9conomique"],"inLanguage":"fr-FR"},{"@type":"WebPage","@id":"https:\/\/www.r2ie.org\/index.php\/2026\/01\/23\/le-protectionnisme-vert-quand-lunion-europeenne-moralise-le-commerce-du-bois\/","url":"https:\/\/www.r2ie.org\/index.php\/2026\/01\/23\/le-protectionnisme-vert-quand-lunion-europeenne-moralise-le-commerce-du-bois\/","name":"Le protectionnisme vert, quand l\u2019Union europ\u00e9enne moralise le commerce du bois - Revue Internationale d&#039;Intelligence Economique","isPartOf":{"@id":"https:\/\/www.r2ie.org\/#website"},"datePublished":"2026-01-23T13:08:42+00:00","breadcrumb":{"@id":"https:\/\/www.r2ie.org\/index.php\/2026\/01\/23\/le-protectionnisme-vert-quand-lunion-europeenne-moralise-le-commerce-du-bois\/#breadcrumb"},"inLanguage":"fr-FR","potentialAction":[{"@type":"ReadAction","target":["https:\/\/www.r2ie.org\/index.php\/2026\/01\/23\/le-protectionnisme-vert-quand-lunion-europeenne-moralise-le-commerce-du-bois\/"]}]},{"@type":"BreadcrumbList","@id":"https:\/\/www.r2ie.org\/index.php\/2026\/01\/23\/le-protectionnisme-vert-quand-lunion-europeenne-moralise-le-commerce-du-bois\/#breadcrumb","itemListElement":[{"@type":"ListItem","position":1,"name":"Accueil","item":"https:\/\/www.r2ie.org\/"},{"@type":"ListItem","position":2,"name":"Le protectionnisme vert, quand l\u2019Union europ\u00e9enne moralise le commerce du bois"}]},{"@type":"WebSite","@id":"https:\/\/www.r2ie.org\/#website","url":"https:\/\/www.r2ie.org\/","name":"Revue Internationale d&#039;Intelligence Economique","description":"","publisher":{"@id":"https:\/\/www.r2ie.org\/#organization"},"potentialAction":[{"@type":"SearchAction","target":{"@type":"EntryPoint","urlTemplate":"https:\/\/www.r2ie.org\/?s={search_term_string}"},"query-input":{"@type":"PropertyValueSpecification","valueRequired":true,"valueName":"search_term_string"}}],"inLanguage":"fr-FR"},{"@type":"Organization","@id":"https:\/\/www.r2ie.org\/#organization","name":"Revue Internationale d&#039;Intelligence Economique","url":"https:\/\/www.r2ie.org\/","logo":{"@type":"ImageObject","inLanguage":"fr-FR","@id":"https:\/\/www.r2ie.org\/#\/schema\/logo\/image\/","url":"https:\/\/www.r2ie.org\/wp-content\/uploads\/2023\/01\/cropped-cropped-logo-r2ie-dc3a9gradc3a9.webp","contentUrl":"https:\/\/www.r2ie.org\/wp-content\/uploads\/2023\/01\/cropped-cropped-logo-r2ie-dc3a9gradc3a9.webp","width":654,"height":251,"caption":"Revue Internationale d&#039;Intelligence Economique"},"image":{"@id":"https:\/\/www.r2ie.org\/#\/schema\/logo\/image\/"}}]}},"_links":{"self":[{"href":"https:\/\/www.r2ie.org\/index.php\/wp-json\/wp\/v2\/posts\/3371","targetHints":{"allow":["GET"]}}],"collection":[{"href":"https:\/\/www.r2ie.org\/index.php\/wp-json\/wp\/v2\/posts"}],"about":[{"href":"https:\/\/www.r2ie.org\/index.php\/wp-json\/wp\/v2\/types\/post"}],"replies":[{"embeddable":true,"href":"https:\/\/www.r2ie.org\/index.php\/wp-json\/wp\/v2\/comments?post=3371"}],"version-history":[{"count":0,"href":"https:\/\/www.r2ie.org\/index.php\/wp-json\/wp\/v2\/posts\/3371\/revisions"}],"wp:attachment":[{"href":"https:\/\/www.r2ie.org\/index.php\/wp-json\/wp\/v2\/media?parent=3371"}],"wp:term":[{"taxonomy":"category","embeddable":true,"href":"https:\/\/www.r2ie.org\/index.php\/wp-json\/wp\/v2\/categories?post=3371"},{"taxonomy":"post_tag","embeddable":true,"href":"https:\/\/www.r2ie.org\/index.php\/wp-json\/wp\/v2\/tags?post=3371"}],"curies":[{"name":"wp","href":"https:\/\/api.w.org\/{rel}","templated":true}]}}