{"id":2668,"date":"2023-07-18T11:02:08","date_gmt":"2023-07-18T09:02:08","guid":{"rendered":"http:\/\/iypxhnp.cluster029.hosting.ovh.net\/index.php\/2023\/07\/18\/lintelligence-economique-outil-privilegie-de-reconquete-de-la-souverainete-economique-nationale-dapres-le-rapport-senatorial-lienemann-lemoyne\/"},"modified":"2023-07-18T11:02:08","modified_gmt":"2023-07-18T09:02:08","slug":"lintelligence-economique-outil-privilegie-de-reconquete-de-la-souverainete-economique-nationale-dapres-le-rapport-senatorial-lienemann-lemoyne","status":"publish","type":"post","link":"https:\/\/www.r2ie.org\/index.php\/2023\/07\/18\/lintelligence-economique-outil-privilegie-de-reconquete-de-la-souverainete-economique-nationale-dapres-le-rapport-senatorial-lienemann-lemoyne\/","title":{"rendered":"L\u2019intelligence \u00e9conomique, outil privil\u00e9gi\u00e9 de reconqu\u00eate de la souverainet\u00e9 \u00e9conomique nationale d\u2019apr\u00e8s le rapport s\u00e9natorial Lienemann-Lemoyne"},"content":{"rendered":"<p>Un rapport du S\u00e9nat publi\u00e9 le 12 juillet 2023 d\u00e9voile une strat\u00e9gie nationale, des mesures pragmatiques et appelle \u00e0 une r\u00e9volution culturelle pour surmonter les d\u00e9fis \u00e9conomiques et g\u00e9opolitiques contemporains<br \/>\nL\u2019article L\u2019intelligence \u00e9conomique, outil privil\u00e9gi\u00e9 de reconqu\u00eate de la souverainet\u00e9 \u00e9conomique nationale d\u2019apr\u00e8s le rapport s\u00e9natorial Lienemann-Lemoyne est apparu en premier sur Portail de l&rsquo;IE.\u00a0<a href=\"https:\/\/www.portail-ie.fr\/univers\/enjeux-de-puissances-et-geoeconomie\/2023\/lintelligence-economique-outil-privilegie-de-reconquete-de-la-souverainete-economique-nationale-dapres-le-rapport-senatorial-lienemann-lemoyne\/\" target=\"_blank\" class=\"feedzy-rss-link-icon\" rel=\"noopener\">Read More<\/a>\u00a0Portail de l&rsquo;IE\u00a0<\/p>\n<p>\u200b\u00a0\u00a0<\/p>\n<p>\u00a0<\/p>","protected":false},"excerpt":{"rendered":"<p>Un rapport du S\u00e9nat publi\u00e9 le 12 juillet 2023 d\u00e9voile une strat\u00e9gie nationale, des mesures pragmatiques et appelle \u00e0 une r\u00e9volution culturelle pour surmonter les d\u00e9fis \u00e9conomiques et g\u00e9opolitiques contemporains L\u2019article L\u2019intelligence \u00e9conomique, outil privil\u00e9gi\u00e9 de reconqu\u00eate de la souverainet\u00e9 \u00e9conomique nationale d\u2019apr\u00e8s le rapport s\u00e9natorial Lienemann-Lemoyne est apparu en premier sur Portail de l&rsquo;IE.\u00a0Read&#8230;<\/p>\n","protected":false},"author":0,"featured_media":0,"comment_status":"open","ping_status":"open","sticky":false,"template":"","format":"standard","meta":{"_kad_post_transparent":"","_kad_post_title":"","_kad_post_layout":"","_kad_post_sidebar_id":"","_kad_post_content_style":"","_kad_post_vertical_padding":"","_kad_post_feature":"","_kad_post_feature_position":"","_kad_post_header":false,"_kad_post_footer":false,"footnotes":""},"categories":[12],"tags":[],"class_list":["post-2668","post","type-post","status-publish","format-standard","hentry","category-portail-de-lintelligence-economique"],"yoast_head":"<!-- This site is optimized with the Yoast SEO plugin v27.1.1 - https:\/\/yoast.com\/product\/yoast-seo-wordpress\/ -->\n<title>L\u2019intelligence \u00e9conomique, outil privil\u00e9gi\u00e9 de reconqu\u00eate de la souverainet\u00e9 \u00e9conomique nationale d\u2019apr\u00e8s le rapport s\u00e9natorial Lienemann-Lemoyne - Revue Internationale d&#039;Intelligence Economique<\/title>\n<meta name=\"robots\" content=\"index, follow, max-snippet:-1, max-image-preview:large, max-video-preview:-1\" \/>\n<link rel=\"canonical\" href=\"https:\/\/www.r2ie.org\/index.php\/2023\/07\/18\/lintelligence-economique-outil-privilegie-de-reconquete-de-la-souverainete-economique-nationale-dapres-le-rapport-senatorial-lienemann-lemoyne\/\" \/>\n<meta property=\"og:locale\" content=\"fr_FR\" \/>\n<meta property=\"og:type\" content=\"article\" \/>\n<meta property=\"og:title\" content=\"L\u2019intelligence \u00e9conomique, outil privil\u00e9gi\u00e9 de reconqu\u00eate de la souverainet\u00e9 \u00e9conomique nationale d\u2019apr\u00e8s le rapport s\u00e9natorial Lienemann-Lemoyne - Revue Internationale d&#039;Intelligence Economique\" \/>\n<meta property=\"og:description\" content=\"Un rapport du S\u00e9nat publi\u00e9 le 12 juillet 2023 d\u00e9voile une strat\u00e9gie nationale, des mesures pragmatiques et appelle \u00e0 une r\u00e9volution culturelle pour surmonter les d\u00e9fis \u00e9conomiques et g\u00e9opolitiques contemporains L\u2019article L\u2019intelligence \u00e9conomique, outil privil\u00e9gi\u00e9 de reconqu\u00eate de la souverainet\u00e9 \u00e9conomique nationale d\u2019apr\u00e8s le rapport s\u00e9natorial Lienemann-Lemoyne est apparu en premier sur Portail de l&rsquo;IE.\u00a0Read...\" \/>\n<meta property=\"og:url\" content=\"https:\/\/www.r2ie.org\/index.php\/2023\/07\/18\/lintelligence-economique-outil-privilegie-de-reconquete-de-la-souverainete-economique-nationale-dapres-le-rapport-senatorial-lienemann-lemoyne\/\" \/>\n<meta property=\"og:site_name\" content=\"Revue Internationale d&#039;Intelligence Economique\" \/>\n<meta property=\"article:published_time\" content=\"2023-07-18T09:02:08+00:00\" \/>\n<meta name=\"twitter:card\" content=\"summary_large_image\" \/>\n<script type=\"application\/ld+json\" class=\"yoast-schema-graph\">{\"@context\":\"https:\/\/schema.org\",\"@graph\":[{\"@type\":\"Article\",\"@id\":\"https:\/\/www.r2ie.org\/index.php\/2023\/07\/18\/lintelligence-economique-outil-privilegie-de-reconquete-de-la-souverainete-economique-nationale-dapres-le-rapport-senatorial-lienemann-lemoyne\/#article\",\"isPartOf\":{\"@id\":\"https:\/\/www.r2ie.org\/index.php\/2023\/07\/18\/lintelligence-economique-outil-privilegie-de-reconquete-de-la-souverainete-economique-nationale-dapres-le-rapport-senatorial-lienemann-lemoyne\/\"},\"author\":{\"name\":\"\",\"@id\":\"\"},\"headline\":\"L\u2019intelligence \u00e9conomique, outil privil\u00e9gi\u00e9 de reconqu\u00eate de la souverainet\u00e9 \u00e9conomique nationale d\u2019apr\u00e8s le rapport s\u00e9natorial Lienemann-Lemoyne\",\"datePublished\":\"2023-07-18T09:02:08+00:00\",\"mainEntityOfPage\":{\"@id\":\"https:\/\/www.r2ie.org\/index.php\/2023\/07\/18\/lintelligence-economique-outil-privilegie-de-reconquete-de-la-souverainete-economique-nationale-dapres-le-rapport-senatorial-lienemann-lemoyne\/\"},\"wordCount\":92,\"commentCount\":0,\"publisher\":{\"@id\":\"https:\/\/www.r2ie.org\/#organization\"},\"articleSection\":[\"Portail de l'intelligence \u00e9conomique\"],\"inLanguage\":\"fr-FR\"},{\"@type\":\"WebPage\",\"@id\":\"https:\/\/www.r2ie.org\/index.php\/2023\/07\/18\/lintelligence-economique-outil-privilegie-de-reconquete-de-la-souverainete-economique-nationale-dapres-le-rapport-senatorial-lienemann-lemoyne\/\",\"url\":\"https:\/\/www.r2ie.org\/index.php\/2023\/07\/18\/lintelligence-economique-outil-privilegie-de-reconquete-de-la-souverainete-economique-nationale-dapres-le-rapport-senatorial-lienemann-lemoyne\/\",\"name\":\"L\u2019intelligence \u00e9conomique, outil privil\u00e9gi\u00e9 de reconqu\u00eate de la souverainet\u00e9 \u00e9conomique nationale d\u2019apr\u00e8s le rapport s\u00e9natorial Lienemann-Lemoyne - Revue Internationale d&#039;Intelligence Economique\",\"isPartOf\":{\"@id\":\"https:\/\/www.r2ie.org\/#website\"},\"datePublished\":\"2023-07-18T09:02:08+00:00\",\"breadcrumb\":{\"@id\":\"https:\/\/www.r2ie.org\/index.php\/2023\/07\/18\/lintelligence-economique-outil-privilegie-de-reconquete-de-la-souverainete-economique-nationale-dapres-le-rapport-senatorial-lienemann-lemoyne\/#breadcrumb\"},\"inLanguage\":\"fr-FR\",\"potentialAction\":[{\"@type\":\"ReadAction\",\"target\":[\"https:\/\/www.r2ie.org\/index.php\/2023\/07\/18\/lintelligence-economique-outil-privilegie-de-reconquete-de-la-souverainete-economique-nationale-dapres-le-rapport-senatorial-lienemann-lemoyne\/\"]}]},{\"@type\":\"BreadcrumbList\",\"@id\":\"https:\/\/www.r2ie.org\/index.php\/2023\/07\/18\/lintelligence-economique-outil-privilegie-de-reconquete-de-la-souverainete-economique-nationale-dapres-le-rapport-senatorial-lienemann-lemoyne\/#breadcrumb\",\"itemListElement\":[{\"@type\":\"ListItem\",\"position\":1,\"name\":\"Accueil\",\"item\":\"https:\/\/www.r2ie.org\/\"},{\"@type\":\"ListItem\",\"position\":2,\"name\":\"L\u2019intelligence \u00e9conomique, outil privil\u00e9gi\u00e9 de reconqu\u00eate de la souverainet\u00e9 \u00e9conomique nationale d\u2019apr\u00e8s le rapport s\u00e9natorial Lienemann-Lemoyne\"}]},{\"@type\":\"WebSite\",\"@id\":\"https:\/\/www.r2ie.org\/#website\",\"url\":\"https:\/\/www.r2ie.org\/\",\"name\":\"Revue Internationale d&#039;Intelligence Economique\",\"description\":\"\",\"publisher\":{\"@id\":\"https:\/\/www.r2ie.org\/#organization\"},\"potentialAction\":[{\"@type\":\"SearchAction\",\"target\":{\"@type\":\"EntryPoint\",\"urlTemplate\":\"https:\/\/www.r2ie.org\/?s={search_term_string}\"},\"query-input\":{\"@type\":\"PropertyValueSpecification\",\"valueRequired\":true,\"valueName\":\"search_term_string\"}}],\"inLanguage\":\"fr-FR\"},{\"@type\":\"Organization\",\"@id\":\"https:\/\/www.r2ie.org\/#organization\",\"name\":\"Revue Internationale d&#039;Intelligence Economique\",\"url\":\"https:\/\/www.r2ie.org\/\",\"logo\":{\"@type\":\"ImageObject\",\"inLanguage\":\"fr-FR\",\"@id\":\"https:\/\/www.r2ie.org\/#\/schema\/logo\/image\/\",\"url\":\"https:\/\/www.r2ie.org\/wp-content\/uploads\/2023\/01\/cropped-cropped-logo-r2ie-dc3a9gradc3a9.webp\",\"contentUrl\":\"https:\/\/www.r2ie.org\/wp-content\/uploads\/2023\/01\/cropped-cropped-logo-r2ie-dc3a9gradc3a9.webp\",\"width\":654,\"height\":251,\"caption\":\"Revue Internationale d&#039;Intelligence Economique\"},\"image\":{\"@id\":\"https:\/\/www.r2ie.org\/#\/schema\/logo\/image\/\"}}]}<\/script>\n<!-- \/ Yoast SEO plugin. -->","yoast_head_json":{"title":"L\u2019intelligence \u00e9conomique, outil privil\u00e9gi\u00e9 de reconqu\u00eate de la souverainet\u00e9 \u00e9conomique nationale d\u2019apr\u00e8s le rapport s\u00e9natorial Lienemann-Lemoyne - Revue Internationale d&#039;Intelligence Economique","robots":{"index":"index","follow":"follow","max-snippet":"max-snippet:-1","max-image-preview":"max-image-preview:large","max-video-preview":"max-video-preview:-1"},"canonical":"https:\/\/www.r2ie.org\/index.php\/2023\/07\/18\/lintelligence-economique-outil-privilegie-de-reconquete-de-la-souverainete-economique-nationale-dapres-le-rapport-senatorial-lienemann-lemoyne\/","og_locale":"fr_FR","og_type":"article","og_title":"L\u2019intelligence \u00e9conomique, outil privil\u00e9gi\u00e9 de reconqu\u00eate de la souverainet\u00e9 \u00e9conomique nationale d\u2019apr\u00e8s le rapport s\u00e9natorial Lienemann-Lemoyne - Revue Internationale d&#039;Intelligence Economique","og_description":"Un rapport du S\u00e9nat publi\u00e9 le 12 juillet 2023 d\u00e9voile une strat\u00e9gie nationale, des mesures pragmatiques et appelle \u00e0 une r\u00e9volution culturelle pour surmonter les d\u00e9fis \u00e9conomiques et g\u00e9opolitiques contemporains L\u2019article L\u2019intelligence \u00e9conomique, outil privil\u00e9gi\u00e9 de reconqu\u00eate de la souverainet\u00e9 \u00e9conomique nationale d\u2019apr\u00e8s le rapport s\u00e9natorial Lienemann-Lemoyne est apparu en premier sur Portail de l&rsquo;IE.\u00a0Read...","og_url":"https:\/\/www.r2ie.org\/index.php\/2023\/07\/18\/lintelligence-economique-outil-privilegie-de-reconquete-de-la-souverainete-economique-nationale-dapres-le-rapport-senatorial-lienemann-lemoyne\/","og_site_name":"Revue Internationale d&#039;Intelligence Economique","article_published_time":"2023-07-18T09:02:08+00:00","twitter_card":"summary_large_image","schema":{"@context":"https:\/\/schema.org","@graph":[{"@type":"Article","@id":"https:\/\/www.r2ie.org\/index.php\/2023\/07\/18\/lintelligence-economique-outil-privilegie-de-reconquete-de-la-souverainete-economique-nationale-dapres-le-rapport-senatorial-lienemann-lemoyne\/#article","isPartOf":{"@id":"https:\/\/www.r2ie.org\/index.php\/2023\/07\/18\/lintelligence-economique-outil-privilegie-de-reconquete-de-la-souverainete-economique-nationale-dapres-le-rapport-senatorial-lienemann-lemoyne\/"},"author":{"name":"","@id":""},"headline":"L\u2019intelligence \u00e9conomique, outil privil\u00e9gi\u00e9 de reconqu\u00eate de la souverainet\u00e9 \u00e9conomique nationale d\u2019apr\u00e8s le rapport s\u00e9natorial Lienemann-Lemoyne","datePublished":"2023-07-18T09:02:08+00:00","mainEntityOfPage":{"@id":"https:\/\/www.r2ie.org\/index.php\/2023\/07\/18\/lintelligence-economique-outil-privilegie-de-reconquete-de-la-souverainete-economique-nationale-dapres-le-rapport-senatorial-lienemann-lemoyne\/"},"wordCount":92,"commentCount":0,"publisher":{"@id":"https:\/\/www.r2ie.org\/#organization"},"articleSection":["Portail de l'intelligence \u00e9conomique"],"inLanguage":"fr-FR"},{"@type":"WebPage","@id":"https:\/\/www.r2ie.org\/index.php\/2023\/07\/18\/lintelligence-economique-outil-privilegie-de-reconquete-de-la-souverainete-economique-nationale-dapres-le-rapport-senatorial-lienemann-lemoyne\/","url":"https:\/\/www.r2ie.org\/index.php\/2023\/07\/18\/lintelligence-economique-outil-privilegie-de-reconquete-de-la-souverainete-economique-nationale-dapres-le-rapport-senatorial-lienemann-lemoyne\/","name":"L\u2019intelligence \u00e9conomique, outil privil\u00e9gi\u00e9 de reconqu\u00eate de la souverainet\u00e9 \u00e9conomique nationale d\u2019apr\u00e8s le rapport s\u00e9natorial Lienemann-Lemoyne - Revue Internationale d&#039;Intelligence Economique","isPartOf":{"@id":"https:\/\/www.r2ie.org\/#website"},"datePublished":"2023-07-18T09:02:08+00:00","breadcrumb":{"@id":"https:\/\/www.r2ie.org\/index.php\/2023\/07\/18\/lintelligence-economique-outil-privilegie-de-reconquete-de-la-souverainete-economique-nationale-dapres-le-rapport-senatorial-lienemann-lemoyne\/#breadcrumb"},"inLanguage":"fr-FR","potentialAction":[{"@type":"ReadAction","target":["https:\/\/www.r2ie.org\/index.php\/2023\/07\/18\/lintelligence-economique-outil-privilegie-de-reconquete-de-la-souverainete-economique-nationale-dapres-le-rapport-senatorial-lienemann-lemoyne\/"]}]},{"@type":"BreadcrumbList","@id":"https:\/\/www.r2ie.org\/index.php\/2023\/07\/18\/lintelligence-economique-outil-privilegie-de-reconquete-de-la-souverainete-economique-nationale-dapres-le-rapport-senatorial-lienemann-lemoyne\/#breadcrumb","itemListElement":[{"@type":"ListItem","position":1,"name":"Accueil","item":"https:\/\/www.r2ie.org\/"},{"@type":"ListItem","position":2,"name":"L\u2019intelligence \u00e9conomique, outil privil\u00e9gi\u00e9 de reconqu\u00eate de la souverainet\u00e9 \u00e9conomique nationale d\u2019apr\u00e8s le rapport s\u00e9natorial Lienemann-Lemoyne"}]},{"@type":"WebSite","@id":"https:\/\/www.r2ie.org\/#website","url":"https:\/\/www.r2ie.org\/","name":"Revue Internationale d&#039;Intelligence Economique","description":"","publisher":{"@id":"https:\/\/www.r2ie.org\/#organization"},"potentialAction":[{"@type":"SearchAction","target":{"@type":"EntryPoint","urlTemplate":"https:\/\/www.r2ie.org\/?s={search_term_string}"},"query-input":{"@type":"PropertyValueSpecification","valueRequired":true,"valueName":"search_term_string"}}],"inLanguage":"fr-FR"},{"@type":"Organization","@id":"https:\/\/www.r2ie.org\/#organization","name":"Revue Internationale d&#039;Intelligence Economique","url":"https:\/\/www.r2ie.org\/","logo":{"@type":"ImageObject","inLanguage":"fr-FR","@id":"https:\/\/www.r2ie.org\/#\/schema\/logo\/image\/","url":"https:\/\/www.r2ie.org\/wp-content\/uploads\/2023\/01\/cropped-cropped-logo-r2ie-dc3a9gradc3a9.webp","contentUrl":"https:\/\/www.r2ie.org\/wp-content\/uploads\/2023\/01\/cropped-cropped-logo-r2ie-dc3a9gradc3a9.webp","width":654,"height":251,"caption":"Revue Internationale d&#039;Intelligence Economique"},"image":{"@id":"https:\/\/www.r2ie.org\/#\/schema\/logo\/image\/"}}]}},"_links":{"self":[{"href":"https:\/\/www.r2ie.org\/index.php\/wp-json\/wp\/v2\/posts\/2668","targetHints":{"allow":["GET"]}}],"collection":[{"href":"https:\/\/www.r2ie.org\/index.php\/wp-json\/wp\/v2\/posts"}],"about":[{"href":"https:\/\/www.r2ie.org\/index.php\/wp-json\/wp\/v2\/types\/post"}],"replies":[{"embeddable":true,"href":"https:\/\/www.r2ie.org\/index.php\/wp-json\/wp\/v2\/comments?post=2668"}],"version-history":[{"count":0,"href":"https:\/\/www.r2ie.org\/index.php\/wp-json\/wp\/v2\/posts\/2668\/revisions"}],"wp:attachment":[{"href":"https:\/\/www.r2ie.org\/index.php\/wp-json\/wp\/v2\/media?parent=2668"}],"wp:term":[{"taxonomy":"category","embeddable":true,"href":"https:\/\/www.r2ie.org\/index.php\/wp-json\/wp\/v2\/categories?post=2668"},{"taxonomy":"post_tag","embeddable":true,"href":"https:\/\/www.r2ie.org\/index.php\/wp-json\/wp\/v2\/tags?post=2668"}],"curies":[{"name":"wp","href":"https:\/\/api.w.org\/{rel}","templated":true}]}}