{"id":2617,"date":"2023-03-30T14:30:39","date_gmt":"2023-03-30T12:30:39","guid":{"rendered":"http:\/\/iypxhnp.cluster029.hosting.ovh.net\/index.php\/2023\/03\/30\/un-sous-marin-nucleaire-dattaque-de-deuxieme-generation-au-service-de-la-marine-nationale-en-2024\/"},"modified":"2023-03-30T14:30:39","modified_gmt":"2023-03-30T12:30:39","slug":"un-sous-marin-nucleaire-dattaque-de-deuxieme-generation-au-service-de-la-marine-nationale-en-2024","status":"publish","type":"post","link":"https:\/\/www.r2ie.org\/index.php\/2023\/03\/30\/un-sous-marin-nucleaire-dattaque-de-deuxieme-generation-au-service-de-la-marine-nationale-en-2024\/","title":{"rendered":"Un sous-marin nucl\u00e9aire d\u2019attaque de deuxi\u00e8me g\u00e9n\u00e9ration au service de la Marine nationale en 2024"},"content":{"rendered":"<p>Malgr\u00e9 la rupture du \u00ab contrat du si\u00e8cle \u00bb, Naval Group assure \u00e0 la France son autonomie face aux d\u00e9fis et enjeux de la dissuasion oc\u00e9anique. Les premiers essais du sous-marin nucl\u00e9aire d\u2019attaque Duguay-Trouin mettent en lumi\u00e8re la force de la BITD fran\u00e7aise dans un domaine ma\u00eetris\u00e9 par quelques pays seulement.\u00a0<a href=\"http:\/\/portail-ie.fr\/analysis\/4323\/un-sous-marin-nucleaire-dattaque-de-deuxieme-generation-au-service-de-la-marine-nationale-en-2024\" target=\"_blank\" class=\"feedzy-rss-link-icon\" rel=\"noopener\">Read More<\/a>\u00a0Portail de l&rsquo;intelligence \u00e9conomique\u00a0<\/p>\n<p>\u200b\u00a0\u00a0<\/p>\n<p>\u00a0<\/p>","protected":false},"excerpt":{"rendered":"<p>Malgr\u00e9 la rupture du \u00ab contrat du si\u00e8cle \u00bb, Naval Group assure \u00e0 la France son autonomie face aux d\u00e9fis et enjeux de la dissuasion oc\u00e9anique. Les premiers essais du sous-marin nucl\u00e9aire d\u2019attaque Duguay-Trouin mettent en lumi\u00e8re la force de la BITD fran\u00e7aise dans un domaine ma\u00eetris\u00e9 par quelques pays seulement.\u00a0Read More\u00a0Portail de l&rsquo;intelligence \u00e9conomique\u00a0&#8230;<\/p>\n","protected":false},"author":0,"featured_media":0,"comment_status":"open","ping_status":"open","sticky":false,"template":"","format":"standard","meta":{"_kad_post_transparent":"","_kad_post_title":"","_kad_post_layout":"","_kad_post_sidebar_id":"","_kad_post_content_style":"","_kad_post_vertical_padding":"","_kad_post_feature":"","_kad_post_feature_position":"","_kad_post_header":false,"_kad_post_footer":false,"footnotes":""},"categories":[12],"tags":[],"class_list":["post-2617","post","type-post","status-publish","format-standard","hentry","category-portail-de-lintelligence-economique"],"yoast_head":"<!-- This site is optimized with the Yoast SEO plugin v27.1.1 - https:\/\/yoast.com\/product\/yoast-seo-wordpress\/ -->\n<title>Un sous-marin nucl\u00e9aire d\u2019attaque de deuxi\u00e8me g\u00e9n\u00e9ration au service de la Marine nationale en 2024 - Revue Internationale d&#039;Intelligence Economique<\/title>\n<meta name=\"robots\" content=\"index, follow, max-snippet:-1, max-image-preview:large, max-video-preview:-1\" \/>\n<link rel=\"canonical\" href=\"https:\/\/www.r2ie.org\/index.php\/2023\/03\/30\/un-sous-marin-nucleaire-dattaque-de-deuxieme-generation-au-service-de-la-marine-nationale-en-2024\/\" \/>\n<meta property=\"og:locale\" content=\"fr_FR\" \/>\n<meta property=\"og:type\" content=\"article\" \/>\n<meta property=\"og:title\" content=\"Un sous-marin nucl\u00e9aire d\u2019attaque de deuxi\u00e8me g\u00e9n\u00e9ration au service de la Marine nationale en 2024 - Revue Internationale d&#039;Intelligence Economique\" \/>\n<meta property=\"og:description\" content=\"Malgr\u00e9 la rupture du \u00ab contrat du si\u00e8cle \u00bb, Naval Group assure \u00e0 la France son autonomie face aux d\u00e9fis et enjeux de la dissuasion oc\u00e9anique. Les premiers essais du sous-marin nucl\u00e9aire d\u2019attaque Duguay-Trouin mettent en lumi\u00e8re la force de la BITD fran\u00e7aise dans un domaine ma\u00eetris\u00e9 par quelques pays seulement.\u00a0Read More\u00a0Portail de l&rsquo;intelligence \u00e9conomique\u00a0...\" \/>\n<meta property=\"og:url\" content=\"https:\/\/www.r2ie.org\/index.php\/2023\/03\/30\/un-sous-marin-nucleaire-dattaque-de-deuxieme-generation-au-service-de-la-marine-nationale-en-2024\/\" \/>\n<meta property=\"og:site_name\" content=\"Revue Internationale d&#039;Intelligence Economique\" \/>\n<meta property=\"article:published_time\" content=\"2023-03-30T12:30:39+00:00\" \/>\n<meta name=\"twitter:card\" content=\"summary_large_image\" \/>\n<script type=\"application\/ld+json\" class=\"yoast-schema-graph\">{\"@context\":\"https:\/\/schema.org\",\"@graph\":[{\"@type\":\"Article\",\"@id\":\"https:\/\/www.r2ie.org\/index.php\/2023\/03\/30\/un-sous-marin-nucleaire-dattaque-de-deuxieme-generation-au-service-de-la-marine-nationale-en-2024\/#article\",\"isPartOf\":{\"@id\":\"https:\/\/www.r2ie.org\/index.php\/2023\/03\/30\/un-sous-marin-nucleaire-dattaque-de-deuxieme-generation-au-service-de-la-marine-nationale-en-2024\/\"},\"author\":{\"name\":\"\",\"@id\":\"\"},\"headline\":\"Un sous-marin nucl\u00e9aire d\u2019attaque de deuxi\u00e8me g\u00e9n\u00e9ration au service de la Marine nationale en 2024\",\"datePublished\":\"2023-03-30T12:30:39+00:00\",\"mainEntityOfPage\":{\"@id\":\"https:\/\/www.r2ie.org\/index.php\/2023\/03\/30\/un-sous-marin-nucleaire-dattaque-de-deuxieme-generation-au-service-de-la-marine-nationale-en-2024\/\"},\"wordCount\":81,\"commentCount\":0,\"publisher\":{\"@id\":\"https:\/\/www.r2ie.org\/#organization\"},\"articleSection\":[\"Portail de l'intelligence \u00e9conomique\"],\"inLanguage\":\"fr-FR\"},{\"@type\":\"WebPage\",\"@id\":\"https:\/\/www.r2ie.org\/index.php\/2023\/03\/30\/un-sous-marin-nucleaire-dattaque-de-deuxieme-generation-au-service-de-la-marine-nationale-en-2024\/\",\"url\":\"https:\/\/www.r2ie.org\/index.php\/2023\/03\/30\/un-sous-marin-nucleaire-dattaque-de-deuxieme-generation-au-service-de-la-marine-nationale-en-2024\/\",\"name\":\"Un sous-marin nucl\u00e9aire d\u2019attaque de deuxi\u00e8me g\u00e9n\u00e9ration au service de la Marine nationale en 2024 - Revue Internationale d&#039;Intelligence Economique\",\"isPartOf\":{\"@id\":\"https:\/\/www.r2ie.org\/#website\"},\"datePublished\":\"2023-03-30T12:30:39+00:00\",\"breadcrumb\":{\"@id\":\"https:\/\/www.r2ie.org\/index.php\/2023\/03\/30\/un-sous-marin-nucleaire-dattaque-de-deuxieme-generation-au-service-de-la-marine-nationale-en-2024\/#breadcrumb\"},\"inLanguage\":\"fr-FR\",\"potentialAction\":[{\"@type\":\"ReadAction\",\"target\":[\"https:\/\/www.r2ie.org\/index.php\/2023\/03\/30\/un-sous-marin-nucleaire-dattaque-de-deuxieme-generation-au-service-de-la-marine-nationale-en-2024\/\"]}]},{\"@type\":\"BreadcrumbList\",\"@id\":\"https:\/\/www.r2ie.org\/index.php\/2023\/03\/30\/un-sous-marin-nucleaire-dattaque-de-deuxieme-generation-au-service-de-la-marine-nationale-en-2024\/#breadcrumb\",\"itemListElement\":[{\"@type\":\"ListItem\",\"position\":1,\"name\":\"Accueil\",\"item\":\"https:\/\/www.r2ie.org\/\"},{\"@type\":\"ListItem\",\"position\":2,\"name\":\"Un sous-marin nucl\u00e9aire d\u2019attaque de deuxi\u00e8me g\u00e9n\u00e9ration au service de la Marine nationale en 2024\"}]},{\"@type\":\"WebSite\",\"@id\":\"https:\/\/www.r2ie.org\/#website\",\"url\":\"https:\/\/www.r2ie.org\/\",\"name\":\"Revue Internationale d&#039;Intelligence Economique\",\"description\":\"\",\"publisher\":{\"@id\":\"https:\/\/www.r2ie.org\/#organization\"},\"potentialAction\":[{\"@type\":\"SearchAction\",\"target\":{\"@type\":\"EntryPoint\",\"urlTemplate\":\"https:\/\/www.r2ie.org\/?s={search_term_string}\"},\"query-input\":{\"@type\":\"PropertyValueSpecification\",\"valueRequired\":true,\"valueName\":\"search_term_string\"}}],\"inLanguage\":\"fr-FR\"},{\"@type\":\"Organization\",\"@id\":\"https:\/\/www.r2ie.org\/#organization\",\"name\":\"Revue Internationale d&#039;Intelligence Economique\",\"url\":\"https:\/\/www.r2ie.org\/\",\"logo\":{\"@type\":\"ImageObject\",\"inLanguage\":\"fr-FR\",\"@id\":\"https:\/\/www.r2ie.org\/#\/schema\/logo\/image\/\",\"url\":\"https:\/\/www.r2ie.org\/wp-content\/uploads\/2023\/01\/cropped-cropped-logo-r2ie-dc3a9gradc3a9.webp\",\"contentUrl\":\"https:\/\/www.r2ie.org\/wp-content\/uploads\/2023\/01\/cropped-cropped-logo-r2ie-dc3a9gradc3a9.webp\",\"width\":654,\"height\":251,\"caption\":\"Revue Internationale d&#039;Intelligence Economique\"},\"image\":{\"@id\":\"https:\/\/www.r2ie.org\/#\/schema\/logo\/image\/\"}}]}<\/script>\n<!-- \/ Yoast SEO plugin. -->","yoast_head_json":{"title":"Un sous-marin nucl\u00e9aire d\u2019attaque de deuxi\u00e8me g\u00e9n\u00e9ration au service de la Marine nationale en 2024 - Revue Internationale d&#039;Intelligence Economique","robots":{"index":"index","follow":"follow","max-snippet":"max-snippet:-1","max-image-preview":"max-image-preview:large","max-video-preview":"max-video-preview:-1"},"canonical":"https:\/\/www.r2ie.org\/index.php\/2023\/03\/30\/un-sous-marin-nucleaire-dattaque-de-deuxieme-generation-au-service-de-la-marine-nationale-en-2024\/","og_locale":"fr_FR","og_type":"article","og_title":"Un sous-marin nucl\u00e9aire d\u2019attaque de deuxi\u00e8me g\u00e9n\u00e9ration au service de la Marine nationale en 2024 - Revue Internationale d&#039;Intelligence Economique","og_description":"Malgr\u00e9 la rupture du \u00ab contrat du si\u00e8cle \u00bb, Naval Group assure \u00e0 la France son autonomie face aux d\u00e9fis et enjeux de la dissuasion oc\u00e9anique. Les premiers essais du sous-marin nucl\u00e9aire d\u2019attaque Duguay-Trouin mettent en lumi\u00e8re la force de la BITD fran\u00e7aise dans un domaine ma\u00eetris\u00e9 par quelques pays seulement.\u00a0Read More\u00a0Portail de l&rsquo;intelligence \u00e9conomique\u00a0...","og_url":"https:\/\/www.r2ie.org\/index.php\/2023\/03\/30\/un-sous-marin-nucleaire-dattaque-de-deuxieme-generation-au-service-de-la-marine-nationale-en-2024\/","og_site_name":"Revue Internationale d&#039;Intelligence Economique","article_published_time":"2023-03-30T12:30:39+00:00","twitter_card":"summary_large_image","schema":{"@context":"https:\/\/schema.org","@graph":[{"@type":"Article","@id":"https:\/\/www.r2ie.org\/index.php\/2023\/03\/30\/un-sous-marin-nucleaire-dattaque-de-deuxieme-generation-au-service-de-la-marine-nationale-en-2024\/#article","isPartOf":{"@id":"https:\/\/www.r2ie.org\/index.php\/2023\/03\/30\/un-sous-marin-nucleaire-dattaque-de-deuxieme-generation-au-service-de-la-marine-nationale-en-2024\/"},"author":{"name":"","@id":""},"headline":"Un sous-marin nucl\u00e9aire d\u2019attaque de deuxi\u00e8me g\u00e9n\u00e9ration au service de la Marine nationale en 2024","datePublished":"2023-03-30T12:30:39+00:00","mainEntityOfPage":{"@id":"https:\/\/www.r2ie.org\/index.php\/2023\/03\/30\/un-sous-marin-nucleaire-dattaque-de-deuxieme-generation-au-service-de-la-marine-nationale-en-2024\/"},"wordCount":81,"commentCount":0,"publisher":{"@id":"https:\/\/www.r2ie.org\/#organization"},"articleSection":["Portail de l'intelligence \u00e9conomique"],"inLanguage":"fr-FR"},{"@type":"WebPage","@id":"https:\/\/www.r2ie.org\/index.php\/2023\/03\/30\/un-sous-marin-nucleaire-dattaque-de-deuxieme-generation-au-service-de-la-marine-nationale-en-2024\/","url":"https:\/\/www.r2ie.org\/index.php\/2023\/03\/30\/un-sous-marin-nucleaire-dattaque-de-deuxieme-generation-au-service-de-la-marine-nationale-en-2024\/","name":"Un sous-marin nucl\u00e9aire d\u2019attaque de deuxi\u00e8me g\u00e9n\u00e9ration au service de la Marine nationale en 2024 - Revue Internationale d&#039;Intelligence Economique","isPartOf":{"@id":"https:\/\/www.r2ie.org\/#website"},"datePublished":"2023-03-30T12:30:39+00:00","breadcrumb":{"@id":"https:\/\/www.r2ie.org\/index.php\/2023\/03\/30\/un-sous-marin-nucleaire-dattaque-de-deuxieme-generation-au-service-de-la-marine-nationale-en-2024\/#breadcrumb"},"inLanguage":"fr-FR","potentialAction":[{"@type":"ReadAction","target":["https:\/\/www.r2ie.org\/index.php\/2023\/03\/30\/un-sous-marin-nucleaire-dattaque-de-deuxieme-generation-au-service-de-la-marine-nationale-en-2024\/"]}]},{"@type":"BreadcrumbList","@id":"https:\/\/www.r2ie.org\/index.php\/2023\/03\/30\/un-sous-marin-nucleaire-dattaque-de-deuxieme-generation-au-service-de-la-marine-nationale-en-2024\/#breadcrumb","itemListElement":[{"@type":"ListItem","position":1,"name":"Accueil","item":"https:\/\/www.r2ie.org\/"},{"@type":"ListItem","position":2,"name":"Un sous-marin nucl\u00e9aire d\u2019attaque de deuxi\u00e8me g\u00e9n\u00e9ration au service de la Marine nationale en 2024"}]},{"@type":"WebSite","@id":"https:\/\/www.r2ie.org\/#website","url":"https:\/\/www.r2ie.org\/","name":"Revue Internationale d&#039;Intelligence Economique","description":"","publisher":{"@id":"https:\/\/www.r2ie.org\/#organization"},"potentialAction":[{"@type":"SearchAction","target":{"@type":"EntryPoint","urlTemplate":"https:\/\/www.r2ie.org\/?s={search_term_string}"},"query-input":{"@type":"PropertyValueSpecification","valueRequired":true,"valueName":"search_term_string"}}],"inLanguage":"fr-FR"},{"@type":"Organization","@id":"https:\/\/www.r2ie.org\/#organization","name":"Revue Internationale d&#039;Intelligence Economique","url":"https:\/\/www.r2ie.org\/","logo":{"@type":"ImageObject","inLanguage":"fr-FR","@id":"https:\/\/www.r2ie.org\/#\/schema\/logo\/image\/","url":"https:\/\/www.r2ie.org\/wp-content\/uploads\/2023\/01\/cropped-cropped-logo-r2ie-dc3a9gradc3a9.webp","contentUrl":"https:\/\/www.r2ie.org\/wp-content\/uploads\/2023\/01\/cropped-cropped-logo-r2ie-dc3a9gradc3a9.webp","width":654,"height":251,"caption":"Revue Internationale d&#039;Intelligence Economique"},"image":{"@id":"https:\/\/www.r2ie.org\/#\/schema\/logo\/image\/"}}]}},"_links":{"self":[{"href":"https:\/\/www.r2ie.org\/index.php\/wp-json\/wp\/v2\/posts\/2617","targetHints":{"allow":["GET"]}}],"collection":[{"href":"https:\/\/www.r2ie.org\/index.php\/wp-json\/wp\/v2\/posts"}],"about":[{"href":"https:\/\/www.r2ie.org\/index.php\/wp-json\/wp\/v2\/types\/post"}],"replies":[{"embeddable":true,"href":"https:\/\/www.r2ie.org\/index.php\/wp-json\/wp\/v2\/comments?post=2617"}],"version-history":[{"count":0,"href":"https:\/\/www.r2ie.org\/index.php\/wp-json\/wp\/v2\/posts\/2617\/revisions"}],"wp:attachment":[{"href":"https:\/\/www.r2ie.org\/index.php\/wp-json\/wp\/v2\/media?parent=2617"}],"wp:term":[{"taxonomy":"category","embeddable":true,"href":"https:\/\/www.r2ie.org\/index.php\/wp-json\/wp\/v2\/categories?post=2617"},{"taxonomy":"post_tag","embeddable":true,"href":"https:\/\/www.r2ie.org\/index.php\/wp-json\/wp\/v2\/tags?post=2617"}],"curies":[{"name":"wp","href":"https:\/\/api.w.org\/{rel}","templated":true}]}}