{"id":1642,"date":"2023-01-21T16:57:25","date_gmt":"2023-01-21T15:57:25","guid":{"rendered":"http:\/\/iypxhnp.cluster029.hosting.ovh.net\/?p=1642"},"modified":"2023-01-26T13:59:49","modified_gmt":"2023-01-26T12:59:49","slug":"intelligence-economique-des-territoires-theorie-et-pratiques","status":"publish","type":"post","link":"https:\/\/www.r2ie.org\/index.php\/2023\/01\/21\/intelligence-economique-des-territoires-theorie-et-pratiques\/","title":{"rendered":"Intelligence \u00e9conomique des territoires. Th\u00e9orie et pratique"},"content":{"rendered":"\n<p>Sous la direction de Olivier Coussi et Patricia Auroy<\/p>\n\n\n\n<p>Un nouvel ouvrage sur l\u2019intelligence territoriale&nbsp;? Quelle id\u00e9e&nbsp;? Le sujet n\u2019a-t-il pas \u00e9t\u00e9 d\u00e9j\u00e0 trait\u00e9, par des chercheurs et par des praticiens&nbsp;? Telle pourrait \u00eatre la premi\u00e8re tentation lorsque l\u2019on aborde l\u2019ouvrage dirig\u00e9 par Olivier Coussi et Patricia Auroy, respectivement ma\u00eetre de conf\u00e9rences \u00e0 l\u2019IAE de Poitiers et vice-pr\u00e9sidente du R\u00e9seau National de l\u2019\u00c9conomie Territoriale (RNET). Leur livre n\u2019est pas le premier, loin sans faut, \u00e0 questionner ce sujet. Les auteurs, d\u2019ailleurs, rendent \u00e0 leurs pr\u00e9d\u00e9cesseurs ce qui leur revient en pr\u00e9cisant d\u00e8s l\u2019introduction les orientations et les apports des ouvrages ant\u00e9rieurs. Mais en rester l\u00e0 serait une erreur.<\/p>\n\n\n\n<p>Une erreur d\u2019abord parce que l\u2019intelligence territoriale, ou l\u2019intelligence \u00e9conomique territoriale (Marcon &amp; Moinet, 2006&nbsp;; Bruneau, 2007) selon le choix terminologique des auteurs, n\u2019est pas un champ bord\u00e9 et statique. De nombreuses questions de fond restent en suspens&nbsp;; de nombreuses exp\u00e9rimentations ne sont pas achev\u00e9es et les le\u00e7ons doivent encore en \u00eatre tir\u00e9es.<\/p>\n\n\n\n<p>C\u2019est ce \u00e0 quoi s\u2019att\u00e8lent les auteurs convoqu\u00e9s par Coussi et Auroy qui organisent le propos en trois parties. La premi\u00e8re partie propose une approche th\u00e9orique, confi\u00e9e principalement aux chercheurs dont l\u2019une des fonctions est d\u2019extraire du terrain des grilles d\u2019analyse, des concepts, des r\u00e9flexions qui probl\u00e9matisent et th\u00e9orisent afin que chacun trouve la juste distance n\u00e9cessaire \u00e0 l\u2019approche de la complexit\u00e9 des intelligences territoriales. Les sujets font mouche&nbsp;: paralysie bureaucratique, territoire cr\u00e9atif, gouvernance, intelligence territoriale num\u00e9rique, lobbying territorial, etc.<\/p>\n\n\n\n<p>La deuxi\u00e8me partie r\u00e9unit deux entretiens avec Jean-Pierre Aubert et Philippe Clerc, l\u2019un et l\u2019autre nantis d\u2019une exp\u00e9rience reconnue en mati\u00e8re d\u2019intelligence territoriale.<\/p>\n\n\n\n<p>La troisi\u00e8me partie enfin, moissonne douze exp\u00e9rimentations locales, chacune pr\u00e9sent\u00e9e en quelques pages par leurs animateurs. Nous sommes l\u00e0 sur le terrain, au c\u0153ur de dispositifs mis en \u0153uvre dans des territoires aussi vari\u00e9s que La R\u00e9union, la Normandie, l\u2019Ile de France, la Wallonie, Midi-Pyr\u00e9n\u00e9es\u2026 Il est question de sch\u00e9mas d\u2019intelligence territoriale, de strat\u00e9gies, d\u2019accompagnement, de renseignement&#8230; Les directeurs de l\u2019ouvrage ont impos\u00e9 une trame commune \u00e0 la pr\u00e9sentation des \u00e9tudes de cas afin que le lecteur puisse plus ais\u00e9ment se rep\u00e9rer et comparer&nbsp;: le contexte du projet, l\u2019organisation du dispositif, le calendrier, les r\u00e9sultats, l\u2019\u00e9valuation du dispositif.<\/p>\n\n\n\n<p>Le tout constitue une contribution utile et de qualit\u00e9 \u00e0 l\u2019\u00e9dification d\u2019une pens\u00e9e de l\u2019intelligence territoriale et \u00e0 l\u2019\u00e9laboration de pratiques de terrain. De ce point de vue, l\u2019ouvrage int\u00e9resse aussi bien les acad\u00e9miques &#8211; chercheurs et \u00e9tudiants, que les responsables du secteur public, ou encore les professionnels de l\u2019accompagnement dans la mise en place de dispositifs qui veulent contribuer \u00e0 davantage d\u2019agilit\u00e9 territoriale et \u00e0 la cr\u00e9ation d\u2019une intelligence territoriale dont les directeurs de l\u2019ouvrage proposent en conclusion un paradigme qui la situe dans le triangle de la Nouvelle Valeur Publique (Moore, 1995).<\/p>\n\n\n\n<p>En somme, un ouvrage dont la lecture est hautement recommandable.<\/p>\n","protected":false},"excerpt":{"rendered":"<p>Sous la direction de Olivier Coussi et Patricia Auroy Un nouvel ouvrage sur l\u2019intelligence territoriale&nbsp;? Quelle id\u00e9e&nbsp;? Le sujet n\u2019a-t-il pas \u00e9t\u00e9 d\u00e9j\u00e0 trait\u00e9, par des chercheurs et par des praticiens&nbsp;? Telle pourrait \u00eatre la premi\u00e8re tentation lorsque l\u2019on aborde l\u2019ouvrage dirig\u00e9 par Olivier Coussi et Patricia Auroy, respectivement ma\u00eetre de conf\u00e9rences \u00e0 l\u2019IAE de&#8230;<\/p>\n","protected":false},"author":2,"featured_media":1643,"comment_status":"open","ping_status":"open","sticky":false,"template":"","format":"standard","meta":{"_kad_post_transparent":"","_kad_post_title":"","_kad_post_layout":"","_kad_post_sidebar_id":"","_kad_post_content_style":"","_kad_post_vertical_padding":"","_kad_post_feature":"","_kad_post_feature_position":"","_kad_post_header":false,"_kad_post_footer":false,"footnotes":""},"categories":[9],"tags":[],"class_list":["post-1642","post","type-post","status-publish","format-standard","has-post-thumbnail","hentry","category-recensions-douvrages"],"yoast_head":"<!-- This site is optimized with the Yoast SEO plugin v27.1.1 - https:\/\/yoast.com\/product\/yoast-seo-wordpress\/ -->\n<title>Intelligence \u00e9conomique des territoires. Th\u00e9orie et pratique - Revue Internationale d&#039;Intelligence Economique<\/title>\n<meta name=\"robots\" content=\"index, follow, max-snippet:-1, max-image-preview:large, max-video-preview:-1\" \/>\n<link rel=\"canonical\" href=\"https:\/\/www.r2ie.org\/index.php\/2023\/01\/21\/intelligence-economique-des-territoires-theorie-et-pratiques\/\" \/>\n<meta property=\"og:locale\" content=\"fr_FR\" \/>\n<meta property=\"og:type\" content=\"article\" \/>\n<meta property=\"og:title\" content=\"Intelligence \u00e9conomique des territoires. Th\u00e9orie et pratique - Revue Internationale d&#039;Intelligence Economique\" \/>\n<meta property=\"og:description\" content=\"Sous la direction de Olivier Coussi et Patricia Auroy Un nouvel ouvrage sur l\u2019intelligence territoriale&nbsp;? Quelle id\u00e9e&nbsp;? Le sujet n\u2019a-t-il pas \u00e9t\u00e9 d\u00e9j\u00e0 trait\u00e9, par des chercheurs et par des praticiens&nbsp;? Telle pourrait \u00eatre la premi\u00e8re tentation lorsque l\u2019on aborde l\u2019ouvrage dirig\u00e9 par Olivier Coussi et Patricia Auroy, respectivement ma\u00eetre de conf\u00e9rences \u00e0 l\u2019IAE de...\" \/>\n<meta property=\"og:url\" content=\"https:\/\/www.r2ie.org\/index.php\/2023\/01\/21\/intelligence-economique-des-territoires-theorie-et-pratiques\/\" \/>\n<meta property=\"og:site_name\" content=\"Revue Internationale d&#039;Intelligence Economique\" \/>\n<meta property=\"article:published_time\" content=\"2023-01-21T15:57:25+00:00\" \/>\n<meta property=\"article:modified_time\" content=\"2023-01-26T12:59:49+00:00\" \/>\n<meta property=\"og:image\" content=\"https:\/\/www.r2ie.org\/wp-content\/uploads\/2023\/01\/couverture-intelligence-economique-des-territoires.webp\" \/>\n\t<meta property=\"og:image:width\" content=\"800\" \/>\n\t<meta property=\"og:image:height\" content=\"1136\" \/>\n\t<meta property=\"og:image:type\" content=\"image\/webp\" \/>\n<meta name=\"author\" content=\"R2IE\" \/>\n<meta name=\"twitter:card\" content=\"summary_large_image\" \/>\n<meta name=\"twitter:label1\" content=\"\u00c9crit par\" \/>\n\t<meta name=\"twitter:data1\" content=\"R2IE\" \/>\n\t<meta name=\"twitter:label2\" content=\"Dur\u00e9e de lecture estim\u00e9e\" \/>\n\t<meta name=\"twitter:data2\" content=\"3 minutes\" \/>\n<script type=\"application\/ld+json\" class=\"yoast-schema-graph\">{\"@context\":\"https:\/\/schema.org\",\"@graph\":[{\"@type\":\"Article\",\"@id\":\"https:\/\/www.r2ie.org\/index.php\/2023\/01\/21\/intelligence-economique-des-territoires-theorie-et-pratiques\/#article\",\"isPartOf\":{\"@id\":\"https:\/\/www.r2ie.org\/index.php\/2023\/01\/21\/intelligence-economique-des-territoires-theorie-et-pratiques\/\"},\"author\":{\"name\":\"R2IE\",\"@id\":\"https:\/\/www.r2ie.org\/#\/schema\/person\/21294a3f2e9738890df774993726cb49\"},\"headline\":\"Intelligence \u00e9conomique des territoires. Th\u00e9orie et pratique\",\"datePublished\":\"2023-01-21T15:57:25+00:00\",\"dateModified\":\"2023-01-26T12:59:49+00:00\",\"mainEntityOfPage\":{\"@id\":\"https:\/\/www.r2ie.org\/index.php\/2023\/01\/21\/intelligence-economique-des-territoires-theorie-et-pratiques\/\"},\"wordCount\":556,\"commentCount\":0,\"publisher\":{\"@id\":\"https:\/\/www.r2ie.org\/#organization\"},\"image\":{\"@id\":\"https:\/\/www.r2ie.org\/index.php\/2023\/01\/21\/intelligence-economique-des-territoires-theorie-et-pratiques\/#primaryimage\"},\"thumbnailUrl\":\"https:\/\/www.r2ie.org\/wp-content\/uploads\/2023\/01\/couverture-intelligence-economique-des-territoires.webp\",\"articleSection\":[\"R\u00e9censions d'ouvrages\"],\"inLanguage\":\"fr-FR\"},{\"@type\":\"WebPage\",\"@id\":\"https:\/\/www.r2ie.org\/index.php\/2023\/01\/21\/intelligence-economique-des-territoires-theorie-et-pratiques\/\",\"url\":\"https:\/\/www.r2ie.org\/index.php\/2023\/01\/21\/intelligence-economique-des-territoires-theorie-et-pratiques\/\",\"name\":\"Intelligence \u00e9conomique des territoires. Th\u00e9orie et pratique - Revue Internationale d&#039;Intelligence Economique\",\"isPartOf\":{\"@id\":\"https:\/\/www.r2ie.org\/#website\"},\"primaryImageOfPage\":{\"@id\":\"https:\/\/www.r2ie.org\/index.php\/2023\/01\/21\/intelligence-economique-des-territoires-theorie-et-pratiques\/#primaryimage\"},\"image\":{\"@id\":\"https:\/\/www.r2ie.org\/index.php\/2023\/01\/21\/intelligence-economique-des-territoires-theorie-et-pratiques\/#primaryimage\"},\"thumbnailUrl\":\"https:\/\/www.r2ie.org\/wp-content\/uploads\/2023\/01\/couverture-intelligence-economique-des-territoires.webp\",\"datePublished\":\"2023-01-21T15:57:25+00:00\",\"dateModified\":\"2023-01-26T12:59:49+00:00\",\"breadcrumb\":{\"@id\":\"https:\/\/www.r2ie.org\/index.php\/2023\/01\/21\/intelligence-economique-des-territoires-theorie-et-pratiques\/#breadcrumb\"},\"inLanguage\":\"fr-FR\",\"potentialAction\":[{\"@type\":\"ReadAction\",\"target\":[\"https:\/\/www.r2ie.org\/index.php\/2023\/01\/21\/intelligence-economique-des-territoires-theorie-et-pratiques\/\"]}]},{\"@type\":\"ImageObject\",\"inLanguage\":\"fr-FR\",\"@id\":\"https:\/\/www.r2ie.org\/index.php\/2023\/01\/21\/intelligence-economique-des-territoires-theorie-et-pratiques\/#primaryimage\",\"url\":\"https:\/\/www.r2ie.org\/wp-content\/uploads\/2023\/01\/couverture-intelligence-economique-des-territoires.webp\",\"contentUrl\":\"https:\/\/www.r2ie.org\/wp-content\/uploads\/2023\/01\/couverture-intelligence-economique-des-territoires.webp\",\"width\":800,\"height\":1136,\"caption\":\"Couverture de l'ouvrage intitul\u00e9 \\\"intelligence \u00e9conomique des territoires. Th\u00e9orie et pratiques Sous la direction de Olivier Coussi et Patricia Auroy\\\"\"},{\"@type\":\"BreadcrumbList\",\"@id\":\"https:\/\/www.r2ie.org\/index.php\/2023\/01\/21\/intelligence-economique-des-territoires-theorie-et-pratiques\/#breadcrumb\",\"itemListElement\":[{\"@type\":\"ListItem\",\"position\":1,\"name\":\"Accueil\",\"item\":\"https:\/\/www.r2ie.org\/\"},{\"@type\":\"ListItem\",\"position\":2,\"name\":\"Intelligence \u00e9conomique des territoires. Th\u00e9orie et pratique\"}]},{\"@type\":\"WebSite\",\"@id\":\"https:\/\/www.r2ie.org\/#website\",\"url\":\"https:\/\/www.r2ie.org\/\",\"name\":\"Revue Internationale d&#039;Intelligence Economique\",\"description\":\"\",\"publisher\":{\"@id\":\"https:\/\/www.r2ie.org\/#organization\"},\"potentialAction\":[{\"@type\":\"SearchAction\",\"target\":{\"@type\":\"EntryPoint\",\"urlTemplate\":\"https:\/\/www.r2ie.org\/?s={search_term_string}\"},\"query-input\":{\"@type\":\"PropertyValueSpecification\",\"valueRequired\":true,\"valueName\":\"search_term_string\"}}],\"inLanguage\":\"fr-FR\"},{\"@type\":\"Organization\",\"@id\":\"https:\/\/www.r2ie.org\/#organization\",\"name\":\"Revue Internationale d&#039;Intelligence Economique\",\"url\":\"https:\/\/www.r2ie.org\/\",\"logo\":{\"@type\":\"ImageObject\",\"inLanguage\":\"fr-FR\",\"@id\":\"https:\/\/www.r2ie.org\/#\/schema\/logo\/image\/\",\"url\":\"https:\/\/www.r2ie.org\/wp-content\/uploads\/2023\/01\/cropped-cropped-logo-r2ie-dc3a9gradc3a9.webp\",\"contentUrl\":\"https:\/\/www.r2ie.org\/wp-content\/uploads\/2023\/01\/cropped-cropped-logo-r2ie-dc3a9gradc3a9.webp\",\"width\":654,\"height\":251,\"caption\":\"Revue Internationale d&#039;Intelligence Economique\"},\"image\":{\"@id\":\"https:\/\/www.r2ie.org\/#\/schema\/logo\/image\/\"}},{\"@type\":\"Person\",\"@id\":\"https:\/\/www.r2ie.org\/#\/schema\/person\/21294a3f2e9738890df774993726cb49\",\"name\":\"R2IE\",\"image\":{\"@type\":\"ImageObject\",\"inLanguage\":\"fr-FR\",\"@id\":\"https:\/\/www.r2ie.org\/#\/schema\/person\/image\/\",\"url\":\"https:\/\/secure.gravatar.com\/avatar\/e2f01e4bdf22419df786661089f63860b50344c1708b70c65789fdf1a24567fc?s=96&d=mm&r=g\",\"contentUrl\":\"https:\/\/secure.gravatar.com\/avatar\/e2f01e4bdf22419df786661089f63860b50344c1708b70c65789fdf1a24567fc?s=96&d=mm&r=g\",\"caption\":\"R2IE\"},\"url\":\"https:\/\/www.r2ie.org\/index.php\/author\/ibrahim\/\"}]}<\/script>\n<!-- \/ Yoast SEO plugin. -->","yoast_head_json":{"title":"Intelligence \u00e9conomique des territoires. Th\u00e9orie et pratique - Revue Internationale d&#039;Intelligence Economique","robots":{"index":"index","follow":"follow","max-snippet":"max-snippet:-1","max-image-preview":"max-image-preview:large","max-video-preview":"max-video-preview:-1"},"canonical":"https:\/\/www.r2ie.org\/index.php\/2023\/01\/21\/intelligence-economique-des-territoires-theorie-et-pratiques\/","og_locale":"fr_FR","og_type":"article","og_title":"Intelligence \u00e9conomique des territoires. Th\u00e9orie et pratique - Revue Internationale d&#039;Intelligence Economique","og_description":"Sous la direction de Olivier Coussi et Patricia Auroy Un nouvel ouvrage sur l\u2019intelligence territoriale&nbsp;? Quelle id\u00e9e&nbsp;? Le sujet n\u2019a-t-il pas \u00e9t\u00e9 d\u00e9j\u00e0 trait\u00e9, par des chercheurs et par des praticiens&nbsp;? Telle pourrait \u00eatre la premi\u00e8re tentation lorsque l\u2019on aborde l\u2019ouvrage dirig\u00e9 par Olivier Coussi et Patricia Auroy, respectivement ma\u00eetre de conf\u00e9rences \u00e0 l\u2019IAE de...","og_url":"https:\/\/www.r2ie.org\/index.php\/2023\/01\/21\/intelligence-economique-des-territoires-theorie-et-pratiques\/","og_site_name":"Revue Internationale d&#039;Intelligence Economique","article_published_time":"2023-01-21T15:57:25+00:00","article_modified_time":"2023-01-26T12:59:49+00:00","og_image":[{"width":800,"height":1136,"url":"https:\/\/www.r2ie.org\/wp-content\/uploads\/2023\/01\/couverture-intelligence-economique-des-territoires.webp","type":"image\/webp"}],"author":"R2IE","twitter_card":"summary_large_image","twitter_misc":{"\u00c9crit par":"R2IE","Dur\u00e9e de lecture estim\u00e9e":"3 minutes"},"schema":{"@context":"https:\/\/schema.org","@graph":[{"@type":"Article","@id":"https:\/\/www.r2ie.org\/index.php\/2023\/01\/21\/intelligence-economique-des-territoires-theorie-et-pratiques\/#article","isPartOf":{"@id":"https:\/\/www.r2ie.org\/index.php\/2023\/01\/21\/intelligence-economique-des-territoires-theorie-et-pratiques\/"},"author":{"name":"R2IE","@id":"https:\/\/www.r2ie.org\/#\/schema\/person\/21294a3f2e9738890df774993726cb49"},"headline":"Intelligence \u00e9conomique des territoires. Th\u00e9orie et pratique","datePublished":"2023-01-21T15:57:25+00:00","dateModified":"2023-01-26T12:59:49+00:00","mainEntityOfPage":{"@id":"https:\/\/www.r2ie.org\/index.php\/2023\/01\/21\/intelligence-economique-des-territoires-theorie-et-pratiques\/"},"wordCount":556,"commentCount":0,"publisher":{"@id":"https:\/\/www.r2ie.org\/#organization"},"image":{"@id":"https:\/\/www.r2ie.org\/index.php\/2023\/01\/21\/intelligence-economique-des-territoires-theorie-et-pratiques\/#primaryimage"},"thumbnailUrl":"https:\/\/www.r2ie.org\/wp-content\/uploads\/2023\/01\/couverture-intelligence-economique-des-territoires.webp","articleSection":["R\u00e9censions d'ouvrages"],"inLanguage":"fr-FR"},{"@type":"WebPage","@id":"https:\/\/www.r2ie.org\/index.php\/2023\/01\/21\/intelligence-economique-des-territoires-theorie-et-pratiques\/","url":"https:\/\/www.r2ie.org\/index.php\/2023\/01\/21\/intelligence-economique-des-territoires-theorie-et-pratiques\/","name":"Intelligence \u00e9conomique des territoires. Th\u00e9orie et pratique - Revue Internationale d&#039;Intelligence Economique","isPartOf":{"@id":"https:\/\/www.r2ie.org\/#website"},"primaryImageOfPage":{"@id":"https:\/\/www.r2ie.org\/index.php\/2023\/01\/21\/intelligence-economique-des-territoires-theorie-et-pratiques\/#primaryimage"},"image":{"@id":"https:\/\/www.r2ie.org\/index.php\/2023\/01\/21\/intelligence-economique-des-territoires-theorie-et-pratiques\/#primaryimage"},"thumbnailUrl":"https:\/\/www.r2ie.org\/wp-content\/uploads\/2023\/01\/couverture-intelligence-economique-des-territoires.webp","datePublished":"2023-01-21T15:57:25+00:00","dateModified":"2023-01-26T12:59:49+00:00","breadcrumb":{"@id":"https:\/\/www.r2ie.org\/index.php\/2023\/01\/21\/intelligence-economique-des-territoires-theorie-et-pratiques\/#breadcrumb"},"inLanguage":"fr-FR","potentialAction":[{"@type":"ReadAction","target":["https:\/\/www.r2ie.org\/index.php\/2023\/01\/21\/intelligence-economique-des-territoires-theorie-et-pratiques\/"]}]},{"@type":"ImageObject","inLanguage":"fr-FR","@id":"https:\/\/www.r2ie.org\/index.php\/2023\/01\/21\/intelligence-economique-des-territoires-theorie-et-pratiques\/#primaryimage","url":"https:\/\/www.r2ie.org\/wp-content\/uploads\/2023\/01\/couverture-intelligence-economique-des-territoires.webp","contentUrl":"https:\/\/www.r2ie.org\/wp-content\/uploads\/2023\/01\/couverture-intelligence-economique-des-territoires.webp","width":800,"height":1136,"caption":"Couverture de l'ouvrage intitul\u00e9 \"intelligence \u00e9conomique des territoires. Th\u00e9orie et pratiques Sous la direction de Olivier Coussi et Patricia Auroy\""},{"@type":"BreadcrumbList","@id":"https:\/\/www.r2ie.org\/index.php\/2023\/01\/21\/intelligence-economique-des-territoires-theorie-et-pratiques\/#breadcrumb","itemListElement":[{"@type":"ListItem","position":1,"name":"Accueil","item":"https:\/\/www.r2ie.org\/"},{"@type":"ListItem","position":2,"name":"Intelligence \u00e9conomique des territoires. Th\u00e9orie et pratique"}]},{"@type":"WebSite","@id":"https:\/\/www.r2ie.org\/#website","url":"https:\/\/www.r2ie.org\/","name":"Revue Internationale d&#039;Intelligence Economique","description":"","publisher":{"@id":"https:\/\/www.r2ie.org\/#organization"},"potentialAction":[{"@type":"SearchAction","target":{"@type":"EntryPoint","urlTemplate":"https:\/\/www.r2ie.org\/?s={search_term_string}"},"query-input":{"@type":"PropertyValueSpecification","valueRequired":true,"valueName":"search_term_string"}}],"inLanguage":"fr-FR"},{"@type":"Organization","@id":"https:\/\/www.r2ie.org\/#organization","name":"Revue Internationale d&#039;Intelligence Economique","url":"https:\/\/www.r2ie.org\/","logo":{"@type":"ImageObject","inLanguage":"fr-FR","@id":"https:\/\/www.r2ie.org\/#\/schema\/logo\/image\/","url":"https:\/\/www.r2ie.org\/wp-content\/uploads\/2023\/01\/cropped-cropped-logo-r2ie-dc3a9gradc3a9.webp","contentUrl":"https:\/\/www.r2ie.org\/wp-content\/uploads\/2023\/01\/cropped-cropped-logo-r2ie-dc3a9gradc3a9.webp","width":654,"height":251,"caption":"Revue Internationale d&#039;Intelligence Economique"},"image":{"@id":"https:\/\/www.r2ie.org\/#\/schema\/logo\/image\/"}},{"@type":"Person","@id":"https:\/\/www.r2ie.org\/#\/schema\/person\/21294a3f2e9738890df774993726cb49","name":"R2IE","image":{"@type":"ImageObject","inLanguage":"fr-FR","@id":"https:\/\/www.r2ie.org\/#\/schema\/person\/image\/","url":"https:\/\/secure.gravatar.com\/avatar\/e2f01e4bdf22419df786661089f63860b50344c1708b70c65789fdf1a24567fc?s=96&d=mm&r=g","contentUrl":"https:\/\/secure.gravatar.com\/avatar\/e2f01e4bdf22419df786661089f63860b50344c1708b70c65789fdf1a24567fc?s=96&d=mm&r=g","caption":"R2IE"},"url":"https:\/\/www.r2ie.org\/index.php\/author\/ibrahim\/"}]}},"_links":{"self":[{"href":"https:\/\/www.r2ie.org\/index.php\/wp-json\/wp\/v2\/posts\/1642","targetHints":{"allow":["GET"]}}],"collection":[{"href":"https:\/\/www.r2ie.org\/index.php\/wp-json\/wp\/v2\/posts"}],"about":[{"href":"https:\/\/www.r2ie.org\/index.php\/wp-json\/wp\/v2\/types\/post"}],"author":[{"embeddable":true,"href":"https:\/\/www.r2ie.org\/index.php\/wp-json\/wp\/v2\/users\/2"}],"replies":[{"embeddable":true,"href":"https:\/\/www.r2ie.org\/index.php\/wp-json\/wp\/v2\/comments?post=1642"}],"version-history":[{"count":4,"href":"https:\/\/www.r2ie.org\/index.php\/wp-json\/wp\/v2\/posts\/1642\/revisions"}],"predecessor-version":[{"id":2434,"href":"https:\/\/www.r2ie.org\/index.php\/wp-json\/wp\/v2\/posts\/1642\/revisions\/2434"}],"wp:featuredmedia":[{"embeddable":true,"href":"https:\/\/www.r2ie.org\/index.php\/wp-json\/wp\/v2\/media\/1643"}],"wp:attachment":[{"href":"https:\/\/www.r2ie.org\/index.php\/wp-json\/wp\/v2\/media?parent=1642"}],"wp:term":[{"taxonomy":"category","embeddable":true,"href":"https:\/\/www.r2ie.org\/index.php\/wp-json\/wp\/v2\/categories?post=1642"},{"taxonomy":"post_tag","embeddable":true,"href":"https:\/\/www.r2ie.org\/index.php\/wp-json\/wp\/v2\/tags?post=1642"}],"curies":[{"name":"wp","href":"https:\/\/api.w.org\/{rel}","templated":true}]}}