{"id":1639,"date":"2023-01-21T16:35:42","date_gmt":"2023-01-21T15:35:42","guid":{"rendered":"http:\/\/iypxhnp.cluster029.hosting.ovh.net\/?p=1639"},"modified":"2023-01-21T16:35:42","modified_gmt":"2023-01-21T15:35:42","slug":"les-sentiers-de-la-guerre-economique-tome-1-lecole-des-nouveaux-espions","status":"publish","type":"post","link":"https:\/\/www.r2ie.org\/index.php\/2023\/01\/21\/les-sentiers-de-la-guerre-economique-tome-1-lecole-des-nouveaux-espions\/","title":{"rendered":"Les sentiers de la guerre \u00e9conomique. Tome 1. L\u2018\u00e9cole des nouveaux \u00ab\u00a0espions\u00a0\u00bb"},"content":{"rendered":"\n<p>Nicolas Moinet, Editions VA Press, 2018, 192 pages<\/p>\n\n\n\n<p>Il arrive finalement \u00e0 l\u2019intelligence \u00e9conomique ce qui est arriv\u00e9 \u00e0 beaucoup d\u2019autres domaines professionnels&nbsp;: elle s\u2019est inscrite dans le paysage de notre pens\u00e9e strat\u00e9gique depuis bient\u00f4t vingt-cinq ans, depuis que le rapport Martre a sign\u00e9 son acte de naissance officiel, avec une d\u00e9finition d\u00e9sormais de r\u00e9f\u00e9rence, des analyses qui ont frapp\u00e9 les esprits par le caract\u00e8re \u00e9minemment <em>ancr\u00e9<\/em> des syst\u00e8mes nationaux d\u2019intelligence \u00e9conomique et des propositions pour que la France s\u2019approprie une d\u00e9marche strat\u00e9gique qui lui donne les moyens de lutter \u00e0 armes \u00e9gales avec des pays et des entreprises pratiquant, sous couvert de concurrence, ce qu\u2019il faut bien appeler une <em>guerre \u00e9conomique<\/em>.<\/p>\n\n\n\n<p>Vingt-cinq ans que des hommes \u0153uvrent \u00e0 hisser les entreprises au niveau de ma\u00eetrise de l\u2019information, du renseignement, de la protection des donn\u00e9es, des strat\u00e9gies d\u2019influence qui leur permettent de survivre et se d\u00e9velopper. C\u2019est une dur\u00e9e suffisamment longue pour que les acteurs du secteur puissent tirer des le\u00e7ons, faire m\u00e9moire des actions engag\u00e9es sur tous les terrains de l\u2019affrontement \u00e9conomique.<\/p>\n\n\n\n<p>C\u2019est pr\u00e9cis\u00e9ment \u00e0 ce genre d\u2019exercice que se livre ici Nicolas Moinet, qui fait un choix d\u2019universitaire libre de sa parole. Nicolas Moinet assume le \u00ab&nbsp;je&nbsp;\u00bb et raconte \u00e0 la premi\u00e8re personne du singulier l\u2019histoire de l\u2019intelligence \u00e9conomique&nbsp;\u00ab&nbsp;\u00e0 la fran\u00e7aise&nbsp;\u00bb non plus comme il l\u2019a fait dans un pr\u00e9c\u00e9dent ouvrage (Petite histoire de \u2026 ) mais en tant que t\u00e9moin privil\u00e9gi\u00e9 et acteur engag\u00e9. Un exercice de style que l\u2019on rencontre plus souvent chez les d\u00e9cideurs am\u00e9ricains que chez les universitaires fran\u00e7ais\u2026<\/p>\n\n\n\n<p>L\u2019ouvrage compte vingt chapitres, vingt \u00e9tapes plut\u00f4t, d\u2019un parcours qui nous m\u00e8ne de Paris en r\u00e9gion, de la France au Japon, de petites histoires \u00e0 de grandes questions. Des chapitres relativement courts, toujours faciles \u00e0 lire et \u00e9difiants. \u00c9difiants parce qu\u2019on y rencontre toutes sortes d\u2019acteurs, certains bien connus et d\u2019autres moins, qui, chacun, ont apport\u00e9 leur pierre \u00e0 l\u2019\u00e9difice qui reste \u00e0 consolider et \u00e0 \u00e9lever. D\u2019ailleurs, l\u2019auteur ne cache pas l\u2019admiration qu\u2019il porte \u00e0 certains d\u2019entre eux. \u00c9difiants parce qu\u2019ils diss\u00e8quent des cas de stupidit\u00e9 \u00e9conomique, administrative, politique que l\u2019on rencontre trop souvent.<\/p>\n\n\n\n<p>Avec un art du r\u00e9cit qui fait mouche, Nicolas Moinet donne \u00e0 comprendre de l\u2019int\u00e9rieur nombre de moments qu\u2019il a v\u00e9cus alors que la plupart des lecteurs n\u2019en ont g\u00e9n\u00e9ralement connu que la face visible.<\/p>\n\n\n\n<p>Comme souvent chez l\u2019auteur, la pens\u00e9e est incisive et ne cherche pas le consensus. Les rencontres, les situations, les engagements dans l\u2019action et des analyses fines ont forg\u00e9 chez l\u2019universitaire des convictions, comme celle que la compr\u00e9hension des rapports \u00e9conomiques ne peut d\u00e9cid\u00e9ment pas d\u2019abstraire des grilles de lecture de la guerre \u00e9conomique. Rien d\u2019\u00e9tonnant, quand on lit le long compagnonnage intellectuel qui s\u2019est tiss\u00e9 avec Christian Harbulot.<\/p>\n\n\n\n<p>L\u2019ouvrage int\u00e9ressera les \u00e9tudiants \u00e0 la recherche d\u2019un r\u00e9cit qui m\u00eale, d\u2019une mani\u00e8re \u00e0 la fois vivante et analytique, la petite et la grande histoire de l\u2019intelligence \u00e9conomique fran\u00e7aise. Il attirera l\u2019attention des acteurs de l\u2019intelligence \u00e9conomique qui ont crois\u00e9 l\u2019auteur un jour ou l\u2019autre \u2013 et ils sont nombreux &#8211; et sont curieux d\u2019en savoir davantage sur cet universitaire qui ne con\u00e7oit pas la recherche sans l\u2019action, ni l\u2019action sans la prise de recul n\u00e9cessaire \u00e0 son analyse.<\/p>\n\n\n\n<p>Un ouvrage utile et inspirant.<\/p>\n","protected":false},"excerpt":{"rendered":"<p>Nicolas Moinet, Editions VA Press, 2018, 192 pages Il arrive finalement \u00e0 l\u2019intelligence \u00e9conomique ce qui est arriv\u00e9 \u00e0 beaucoup d\u2019autres domaines professionnels&nbsp;: elle s\u2019est inscrite dans le paysage de notre pens\u00e9e strat\u00e9gique depuis bient\u00f4t vingt-cinq ans, depuis que le rapport Martre a sign\u00e9 son acte de naissance officiel, avec une d\u00e9finition d\u00e9sormais de r\u00e9f\u00e9rence,&#8230;<\/p>\n","protected":false},"author":2,"featured_media":1640,"comment_status":"open","ping_status":"open","sticky":false,"template":"","format":"standard","meta":{"_kad_post_transparent":"","_kad_post_title":"","_kad_post_layout":"","_kad_post_sidebar_id":"","_kad_post_content_style":"","_kad_post_vertical_padding":"","_kad_post_feature":"","_kad_post_feature_position":"","_kad_post_header":false,"_kad_post_footer":false,"footnotes":""},"categories":[9],"tags":[],"class_list":["post-1639","post","type-post","status-publish","format-standard","has-post-thumbnail","hentry","category-recensions-douvrages"],"yoast_head":"<!-- This site is optimized with the Yoast SEO plugin v27.1.1 - https:\/\/yoast.com\/product\/yoast-seo-wordpress\/ -->\n<title>Les sentiers de la guerre \u00e9conomique. Tome 1. L\u2018\u00e9cole des nouveaux \u00ab\u00a0espions\u00a0\u00bb - Revue Internationale d&#039;Intelligence Economique<\/title>\n<meta name=\"robots\" content=\"index, follow, max-snippet:-1, max-image-preview:large, max-video-preview:-1\" \/>\n<link rel=\"canonical\" href=\"https:\/\/www.r2ie.org\/index.php\/2023\/01\/21\/les-sentiers-de-la-guerre-economique-tome-1-lecole-des-nouveaux-espions\/\" \/>\n<meta property=\"og:locale\" content=\"fr_FR\" \/>\n<meta property=\"og:type\" content=\"article\" \/>\n<meta property=\"og:title\" content=\"Les sentiers de la guerre \u00e9conomique. Tome 1. L\u2018\u00e9cole des nouveaux \u00ab\u00a0espions\u00a0\u00bb - Revue Internationale d&#039;Intelligence Economique\" \/>\n<meta property=\"og:description\" content=\"Nicolas Moinet, Editions VA Press, 2018, 192 pages Il arrive finalement \u00e0 l\u2019intelligence \u00e9conomique ce qui est arriv\u00e9 \u00e0 beaucoup d\u2019autres domaines professionnels&nbsp;: elle s\u2019est inscrite dans le paysage de notre pens\u00e9e strat\u00e9gique depuis bient\u00f4t vingt-cinq ans, depuis que le rapport Martre a sign\u00e9 son acte de naissance officiel, avec une d\u00e9finition d\u00e9sormais de r\u00e9f\u00e9rence,...\" \/>\n<meta property=\"og:url\" content=\"https:\/\/www.r2ie.org\/index.php\/2023\/01\/21\/les-sentiers-de-la-guerre-economique-tome-1-lecole-des-nouveaux-espions\/\" \/>\n<meta property=\"og:site_name\" content=\"Revue Internationale d&#039;Intelligence Economique\" \/>\n<meta property=\"article:published_time\" content=\"2023-01-21T15:35:42+00:00\" \/>\n<meta property=\"og:image\" content=\"https:\/\/www.r2ie.org\/wp-content\/uploads\/2023\/01\/couverture-ouvrage-les-sentiers-de-la-guerre-economique.webp\" \/>\n\t<meta property=\"og:image:width\" content=\"1280\" \/>\n\t<meta property=\"og:image:height\" content=\"1929\" \/>\n\t<meta property=\"og:image:type\" content=\"image\/webp\" \/>\n<meta name=\"author\" content=\"R2IE\" \/>\n<meta name=\"twitter:card\" content=\"summary_large_image\" \/>\n<meta name=\"twitter:label1\" content=\"\u00c9crit par\" \/>\n\t<meta name=\"twitter:data1\" content=\"R2IE\" \/>\n\t<meta name=\"twitter:label2\" content=\"Dur\u00e9e de lecture estim\u00e9e\" \/>\n\t<meta name=\"twitter:data2\" content=\"3 minutes\" \/>\n<script type=\"application\/ld+json\" class=\"yoast-schema-graph\">{\"@context\":\"https:\/\/schema.org\",\"@graph\":[{\"@type\":\"Article\",\"@id\":\"https:\/\/www.r2ie.org\/index.php\/2023\/01\/21\/les-sentiers-de-la-guerre-economique-tome-1-lecole-des-nouveaux-espions\/#article\",\"isPartOf\":{\"@id\":\"https:\/\/www.r2ie.org\/index.php\/2023\/01\/21\/les-sentiers-de-la-guerre-economique-tome-1-lecole-des-nouveaux-espions\/\"},\"author\":{\"name\":\"R2IE\",\"@id\":\"https:\/\/www.r2ie.org\/#\/schema\/person\/21294a3f2e9738890df774993726cb49\"},\"headline\":\"Les sentiers de la guerre \u00e9conomique. Tome 1. L\u2018\u00e9cole des nouveaux \u00ab\u00a0espions\u00a0\u00bb\",\"datePublished\":\"2023-01-21T15:35:42+00:00\",\"mainEntityOfPage\":{\"@id\":\"https:\/\/www.r2ie.org\/index.php\/2023\/01\/21\/les-sentiers-de-la-guerre-economique-tome-1-lecole-des-nouveaux-espions\/\"},\"wordCount\":634,\"commentCount\":0,\"publisher\":{\"@id\":\"https:\/\/www.r2ie.org\/#organization\"},\"image\":{\"@id\":\"https:\/\/www.r2ie.org\/index.php\/2023\/01\/21\/les-sentiers-de-la-guerre-economique-tome-1-lecole-des-nouveaux-espions\/#primaryimage\"},\"thumbnailUrl\":\"https:\/\/www.r2ie.org\/wp-content\/uploads\/2023\/01\/couverture-ouvrage-les-sentiers-de-la-guerre-economique.webp\",\"articleSection\":[\"R\u00e9censions d'ouvrages\"],\"inLanguage\":\"fr-FR\"},{\"@type\":\"WebPage\",\"@id\":\"https:\/\/www.r2ie.org\/index.php\/2023\/01\/21\/les-sentiers-de-la-guerre-economique-tome-1-lecole-des-nouveaux-espions\/\",\"url\":\"https:\/\/www.r2ie.org\/index.php\/2023\/01\/21\/les-sentiers-de-la-guerre-economique-tome-1-lecole-des-nouveaux-espions\/\",\"name\":\"Les sentiers de la guerre \u00e9conomique. Tome 1. L\u2018\u00e9cole des nouveaux \u00ab\u00a0espions\u00a0\u00bb - Revue Internationale d&#039;Intelligence Economique\",\"isPartOf\":{\"@id\":\"https:\/\/www.r2ie.org\/#website\"},\"primaryImageOfPage\":{\"@id\":\"https:\/\/www.r2ie.org\/index.php\/2023\/01\/21\/les-sentiers-de-la-guerre-economique-tome-1-lecole-des-nouveaux-espions\/#primaryimage\"},\"image\":{\"@id\":\"https:\/\/www.r2ie.org\/index.php\/2023\/01\/21\/les-sentiers-de-la-guerre-economique-tome-1-lecole-des-nouveaux-espions\/#primaryimage\"},\"thumbnailUrl\":\"https:\/\/www.r2ie.org\/wp-content\/uploads\/2023\/01\/couverture-ouvrage-les-sentiers-de-la-guerre-economique.webp\",\"datePublished\":\"2023-01-21T15:35:42+00:00\",\"breadcrumb\":{\"@id\":\"https:\/\/www.r2ie.org\/index.php\/2023\/01\/21\/les-sentiers-de-la-guerre-economique-tome-1-lecole-des-nouveaux-espions\/#breadcrumb\"},\"inLanguage\":\"fr-FR\",\"potentialAction\":[{\"@type\":\"ReadAction\",\"target\":[\"https:\/\/www.r2ie.org\/index.php\/2023\/01\/21\/les-sentiers-de-la-guerre-economique-tome-1-lecole-des-nouveaux-espions\/\"]}]},{\"@type\":\"ImageObject\",\"inLanguage\":\"fr-FR\",\"@id\":\"https:\/\/www.r2ie.org\/index.php\/2023\/01\/21\/les-sentiers-de-la-guerre-economique-tome-1-lecole-des-nouveaux-espions\/#primaryimage\",\"url\":\"https:\/\/www.r2ie.org\/wp-content\/uploads\/2023\/01\/couverture-ouvrage-les-sentiers-de-la-guerre-economique.webp\",\"contentUrl\":\"https:\/\/www.r2ie.org\/wp-content\/uploads\/2023\/01\/couverture-ouvrage-les-sentiers-de-la-guerre-economique.webp\",\"width\":1280,\"height\":1929,\"caption\":\"Couverture de l'ouvrage intitul\u00e9 \\\"les sentiers de la guerre \u00e9conomique\\\"\"},{\"@type\":\"BreadcrumbList\",\"@id\":\"https:\/\/www.r2ie.org\/index.php\/2023\/01\/21\/les-sentiers-de-la-guerre-economique-tome-1-lecole-des-nouveaux-espions\/#breadcrumb\",\"itemListElement\":[{\"@type\":\"ListItem\",\"position\":1,\"name\":\"Accueil\",\"item\":\"https:\/\/www.r2ie.org\/\"},{\"@type\":\"ListItem\",\"position\":2,\"name\":\"Les sentiers de la guerre \u00e9conomique. Tome 1. L\u2018\u00e9cole des nouveaux \u00ab\u00a0espions\u00a0\u00bb\"}]},{\"@type\":\"WebSite\",\"@id\":\"https:\/\/www.r2ie.org\/#website\",\"url\":\"https:\/\/www.r2ie.org\/\",\"name\":\"Revue Internationale d&#039;Intelligence Economique\",\"description\":\"\",\"publisher\":{\"@id\":\"https:\/\/www.r2ie.org\/#organization\"},\"potentialAction\":[{\"@type\":\"SearchAction\",\"target\":{\"@type\":\"EntryPoint\",\"urlTemplate\":\"https:\/\/www.r2ie.org\/?s={search_term_string}\"},\"query-input\":{\"@type\":\"PropertyValueSpecification\",\"valueRequired\":true,\"valueName\":\"search_term_string\"}}],\"inLanguage\":\"fr-FR\"},{\"@type\":\"Organization\",\"@id\":\"https:\/\/www.r2ie.org\/#organization\",\"name\":\"Revue Internationale d&#039;Intelligence Economique\",\"url\":\"https:\/\/www.r2ie.org\/\",\"logo\":{\"@type\":\"ImageObject\",\"inLanguage\":\"fr-FR\",\"@id\":\"https:\/\/www.r2ie.org\/#\/schema\/logo\/image\/\",\"url\":\"https:\/\/www.r2ie.org\/wp-content\/uploads\/2023\/01\/cropped-cropped-logo-r2ie-dc3a9gradc3a9.webp\",\"contentUrl\":\"https:\/\/www.r2ie.org\/wp-content\/uploads\/2023\/01\/cropped-cropped-logo-r2ie-dc3a9gradc3a9.webp\",\"width\":654,\"height\":251,\"caption\":\"Revue Internationale d&#039;Intelligence Economique\"},\"image\":{\"@id\":\"https:\/\/www.r2ie.org\/#\/schema\/logo\/image\/\"}},{\"@type\":\"Person\",\"@id\":\"https:\/\/www.r2ie.org\/#\/schema\/person\/21294a3f2e9738890df774993726cb49\",\"name\":\"R2IE\",\"image\":{\"@type\":\"ImageObject\",\"inLanguage\":\"fr-FR\",\"@id\":\"https:\/\/www.r2ie.org\/#\/schema\/person\/image\/\",\"url\":\"https:\/\/secure.gravatar.com\/avatar\/e2f01e4bdf22419df786661089f63860b50344c1708b70c65789fdf1a24567fc?s=96&d=mm&r=g\",\"contentUrl\":\"https:\/\/secure.gravatar.com\/avatar\/e2f01e4bdf22419df786661089f63860b50344c1708b70c65789fdf1a24567fc?s=96&d=mm&r=g\",\"caption\":\"R2IE\"},\"url\":\"https:\/\/www.r2ie.org\/index.php\/author\/ibrahim\/\"}]}<\/script>\n<!-- \/ Yoast SEO plugin. -->","yoast_head_json":{"title":"Les sentiers de la guerre \u00e9conomique. Tome 1. L\u2018\u00e9cole des nouveaux \u00ab\u00a0espions\u00a0\u00bb - Revue Internationale d&#039;Intelligence Economique","robots":{"index":"index","follow":"follow","max-snippet":"max-snippet:-1","max-image-preview":"max-image-preview:large","max-video-preview":"max-video-preview:-1"},"canonical":"https:\/\/www.r2ie.org\/index.php\/2023\/01\/21\/les-sentiers-de-la-guerre-economique-tome-1-lecole-des-nouveaux-espions\/","og_locale":"fr_FR","og_type":"article","og_title":"Les sentiers de la guerre \u00e9conomique. Tome 1. L\u2018\u00e9cole des nouveaux \u00ab\u00a0espions\u00a0\u00bb - Revue Internationale d&#039;Intelligence Economique","og_description":"Nicolas Moinet, Editions VA Press, 2018, 192 pages Il arrive finalement \u00e0 l\u2019intelligence \u00e9conomique ce qui est arriv\u00e9 \u00e0 beaucoup d\u2019autres domaines professionnels&nbsp;: elle s\u2019est inscrite dans le paysage de notre pens\u00e9e strat\u00e9gique depuis bient\u00f4t vingt-cinq ans, depuis que le rapport Martre a sign\u00e9 son acte de naissance officiel, avec une d\u00e9finition d\u00e9sormais de r\u00e9f\u00e9rence,...","og_url":"https:\/\/www.r2ie.org\/index.php\/2023\/01\/21\/les-sentiers-de-la-guerre-economique-tome-1-lecole-des-nouveaux-espions\/","og_site_name":"Revue Internationale d&#039;Intelligence Economique","article_published_time":"2023-01-21T15:35:42+00:00","og_image":[{"width":1280,"height":1929,"url":"https:\/\/www.r2ie.org\/wp-content\/uploads\/2023\/01\/couverture-ouvrage-les-sentiers-de-la-guerre-economique.webp","type":"image\/webp"}],"author":"R2IE","twitter_card":"summary_large_image","twitter_misc":{"\u00c9crit par":"R2IE","Dur\u00e9e de lecture estim\u00e9e":"3 minutes"},"schema":{"@context":"https:\/\/schema.org","@graph":[{"@type":"Article","@id":"https:\/\/www.r2ie.org\/index.php\/2023\/01\/21\/les-sentiers-de-la-guerre-economique-tome-1-lecole-des-nouveaux-espions\/#article","isPartOf":{"@id":"https:\/\/www.r2ie.org\/index.php\/2023\/01\/21\/les-sentiers-de-la-guerre-economique-tome-1-lecole-des-nouveaux-espions\/"},"author":{"name":"R2IE","@id":"https:\/\/www.r2ie.org\/#\/schema\/person\/21294a3f2e9738890df774993726cb49"},"headline":"Les sentiers de la guerre \u00e9conomique. Tome 1. L\u2018\u00e9cole des nouveaux \u00ab\u00a0espions\u00a0\u00bb","datePublished":"2023-01-21T15:35:42+00:00","mainEntityOfPage":{"@id":"https:\/\/www.r2ie.org\/index.php\/2023\/01\/21\/les-sentiers-de-la-guerre-economique-tome-1-lecole-des-nouveaux-espions\/"},"wordCount":634,"commentCount":0,"publisher":{"@id":"https:\/\/www.r2ie.org\/#organization"},"image":{"@id":"https:\/\/www.r2ie.org\/index.php\/2023\/01\/21\/les-sentiers-de-la-guerre-economique-tome-1-lecole-des-nouveaux-espions\/#primaryimage"},"thumbnailUrl":"https:\/\/www.r2ie.org\/wp-content\/uploads\/2023\/01\/couverture-ouvrage-les-sentiers-de-la-guerre-economique.webp","articleSection":["R\u00e9censions d'ouvrages"],"inLanguage":"fr-FR"},{"@type":"WebPage","@id":"https:\/\/www.r2ie.org\/index.php\/2023\/01\/21\/les-sentiers-de-la-guerre-economique-tome-1-lecole-des-nouveaux-espions\/","url":"https:\/\/www.r2ie.org\/index.php\/2023\/01\/21\/les-sentiers-de-la-guerre-economique-tome-1-lecole-des-nouveaux-espions\/","name":"Les sentiers de la guerre \u00e9conomique. Tome 1. L\u2018\u00e9cole des nouveaux \u00ab\u00a0espions\u00a0\u00bb - Revue Internationale d&#039;Intelligence Economique","isPartOf":{"@id":"https:\/\/www.r2ie.org\/#website"},"primaryImageOfPage":{"@id":"https:\/\/www.r2ie.org\/index.php\/2023\/01\/21\/les-sentiers-de-la-guerre-economique-tome-1-lecole-des-nouveaux-espions\/#primaryimage"},"image":{"@id":"https:\/\/www.r2ie.org\/index.php\/2023\/01\/21\/les-sentiers-de-la-guerre-economique-tome-1-lecole-des-nouveaux-espions\/#primaryimage"},"thumbnailUrl":"https:\/\/www.r2ie.org\/wp-content\/uploads\/2023\/01\/couverture-ouvrage-les-sentiers-de-la-guerre-economique.webp","datePublished":"2023-01-21T15:35:42+00:00","breadcrumb":{"@id":"https:\/\/www.r2ie.org\/index.php\/2023\/01\/21\/les-sentiers-de-la-guerre-economique-tome-1-lecole-des-nouveaux-espions\/#breadcrumb"},"inLanguage":"fr-FR","potentialAction":[{"@type":"ReadAction","target":["https:\/\/www.r2ie.org\/index.php\/2023\/01\/21\/les-sentiers-de-la-guerre-economique-tome-1-lecole-des-nouveaux-espions\/"]}]},{"@type":"ImageObject","inLanguage":"fr-FR","@id":"https:\/\/www.r2ie.org\/index.php\/2023\/01\/21\/les-sentiers-de-la-guerre-economique-tome-1-lecole-des-nouveaux-espions\/#primaryimage","url":"https:\/\/www.r2ie.org\/wp-content\/uploads\/2023\/01\/couverture-ouvrage-les-sentiers-de-la-guerre-economique.webp","contentUrl":"https:\/\/www.r2ie.org\/wp-content\/uploads\/2023\/01\/couverture-ouvrage-les-sentiers-de-la-guerre-economique.webp","width":1280,"height":1929,"caption":"Couverture de l'ouvrage intitul\u00e9 \"les sentiers de la guerre \u00e9conomique\""},{"@type":"BreadcrumbList","@id":"https:\/\/www.r2ie.org\/index.php\/2023\/01\/21\/les-sentiers-de-la-guerre-economique-tome-1-lecole-des-nouveaux-espions\/#breadcrumb","itemListElement":[{"@type":"ListItem","position":1,"name":"Accueil","item":"https:\/\/www.r2ie.org\/"},{"@type":"ListItem","position":2,"name":"Les sentiers de la guerre \u00e9conomique. Tome 1. L\u2018\u00e9cole des nouveaux \u00ab\u00a0espions\u00a0\u00bb"}]},{"@type":"WebSite","@id":"https:\/\/www.r2ie.org\/#website","url":"https:\/\/www.r2ie.org\/","name":"Revue Internationale d&#039;Intelligence Economique","description":"","publisher":{"@id":"https:\/\/www.r2ie.org\/#organization"},"potentialAction":[{"@type":"SearchAction","target":{"@type":"EntryPoint","urlTemplate":"https:\/\/www.r2ie.org\/?s={search_term_string}"},"query-input":{"@type":"PropertyValueSpecification","valueRequired":true,"valueName":"search_term_string"}}],"inLanguage":"fr-FR"},{"@type":"Organization","@id":"https:\/\/www.r2ie.org\/#organization","name":"Revue Internationale d&#039;Intelligence Economique","url":"https:\/\/www.r2ie.org\/","logo":{"@type":"ImageObject","inLanguage":"fr-FR","@id":"https:\/\/www.r2ie.org\/#\/schema\/logo\/image\/","url":"https:\/\/www.r2ie.org\/wp-content\/uploads\/2023\/01\/cropped-cropped-logo-r2ie-dc3a9gradc3a9.webp","contentUrl":"https:\/\/www.r2ie.org\/wp-content\/uploads\/2023\/01\/cropped-cropped-logo-r2ie-dc3a9gradc3a9.webp","width":654,"height":251,"caption":"Revue Internationale d&#039;Intelligence Economique"},"image":{"@id":"https:\/\/www.r2ie.org\/#\/schema\/logo\/image\/"}},{"@type":"Person","@id":"https:\/\/www.r2ie.org\/#\/schema\/person\/21294a3f2e9738890df774993726cb49","name":"R2IE","image":{"@type":"ImageObject","inLanguage":"fr-FR","@id":"https:\/\/www.r2ie.org\/#\/schema\/person\/image\/","url":"https:\/\/secure.gravatar.com\/avatar\/e2f01e4bdf22419df786661089f63860b50344c1708b70c65789fdf1a24567fc?s=96&d=mm&r=g","contentUrl":"https:\/\/secure.gravatar.com\/avatar\/e2f01e4bdf22419df786661089f63860b50344c1708b70c65789fdf1a24567fc?s=96&d=mm&r=g","caption":"R2IE"},"url":"https:\/\/www.r2ie.org\/index.php\/author\/ibrahim\/"}]}},"_links":{"self":[{"href":"https:\/\/www.r2ie.org\/index.php\/wp-json\/wp\/v2\/posts\/1639","targetHints":{"allow":["GET"]}}],"collection":[{"href":"https:\/\/www.r2ie.org\/index.php\/wp-json\/wp\/v2\/posts"}],"about":[{"href":"https:\/\/www.r2ie.org\/index.php\/wp-json\/wp\/v2\/types\/post"}],"author":[{"embeddable":true,"href":"https:\/\/www.r2ie.org\/index.php\/wp-json\/wp\/v2\/users\/2"}],"replies":[{"embeddable":true,"href":"https:\/\/www.r2ie.org\/index.php\/wp-json\/wp\/v2\/comments?post=1639"}],"version-history":[{"count":1,"href":"https:\/\/www.r2ie.org\/index.php\/wp-json\/wp\/v2\/posts\/1639\/revisions"}],"predecessor-version":[{"id":1641,"href":"https:\/\/www.r2ie.org\/index.php\/wp-json\/wp\/v2\/posts\/1639\/revisions\/1641"}],"wp:featuredmedia":[{"embeddable":true,"href":"https:\/\/www.r2ie.org\/index.php\/wp-json\/wp\/v2\/media\/1640"}],"wp:attachment":[{"href":"https:\/\/www.r2ie.org\/index.php\/wp-json\/wp\/v2\/media?parent=1639"}],"wp:term":[{"taxonomy":"category","embeddable":true,"href":"https:\/\/www.r2ie.org\/index.php\/wp-json\/wp\/v2\/categories?post=1639"},{"taxonomy":"post_tag","embeddable":true,"href":"https:\/\/www.r2ie.org\/index.php\/wp-json\/wp\/v2\/tags?post=1639"}],"curies":[{"name":"wp","href":"https:\/\/api.w.org\/{rel}","templated":true}]}}