{"id":1279,"date":"2023-01-20T22:08:43","date_gmt":"2023-01-20T21:08:43","guid":{"rendered":"http:\/\/iypxhnp.cluster029.hosting.ovh.net\/?p=1279"},"modified":"2023-01-21T14:34:30","modified_gmt":"2023-01-21T13:34:30","slug":"r2ie-2019-2-vol-11-lapproche-bresilienne-des-ecosystemes-2","status":"publish","type":"post","link":"https:\/\/www.r2ie.org\/index.php\/2023\/01\/20\/r2ie-2019-2-vol-11-lapproche-bresilienne-des-ecosystemes-2\/","title":{"rendered":"R2ie 2019\/2 (Vol. 11) : L\u2019approche br\u00e9silienne des \u00e9cosyst\u00e8mes"},"content":{"rendered":"\t\t<div data-elementor-type=\"wp-post\" data-elementor-id=\"1279\" class=\"elementor elementor-1279\">\n\t\t\t\t\t\t\t\t\t<section class=\"elementor-section elementor-top-section elementor-element elementor-element-10a7d37e elementor-section-boxed elementor-section-height-default elementor-section-height-default\" data-id=\"10a7d37e\" data-element_type=\"section\">\n\t\t\t\t\t\t<div class=\"elementor-container elementor-column-gap-default\">\n\t\t\t\t\t<div class=\"elementor-column elementor-col-100 elementor-top-column elementor-element elementor-element-41704f3d\" data-id=\"41704f3d\" data-element_type=\"column\">\n\t\t\t<div class=\"elementor-widget-wrap elementor-element-populated\">\n\t\t\t\t\t\t\t\t<div class=\"elementor-element elementor-element-28f7069c elementor-widget elementor-widget-text-editor\" data-id=\"28f7069c\" data-element_type=\"widget\" data-widget_type=\"text-editor.default\">\n\t\t\t\t<div class=\"elementor-widget-container\">\n\t\t\t<style>\/*! elementor - v3.10.0 - 09-01-2023 *\/\n.elementor-widget-text-editor.elementor-drop-cap-view-stacked .elementor-drop-cap{background-color:#818a91;color:#fff}.elementor-widget-text-editor.elementor-drop-cap-view-framed .elementor-drop-cap{color:#818a91;border:3px solid;background-color:transparent}.elementor-widget-text-editor:not(.elementor-drop-cap-view-default) .elementor-drop-cap{margin-top:8px}.elementor-widget-text-editor:not(.elementor-drop-cap-view-default) .elementor-drop-cap-letter{width:1em;height:1em}.elementor-widget-text-editor .elementor-drop-cap{float:left;text-align:center;line-height:1;font-size:50px}.elementor-widget-text-editor .elementor-drop-cap-letter{display:inline-block}<\/style>\t\t\t\t<!-- wp:paragraph -->\n<p>Introduction : The Ecosystem Approach<br>Bibiana VOLKMER MARTINS, Kad\u00edgia FACCIN, Alsones BALESTRIN<\/p>\n<!-- \/wp:paragraph -->\n\n<!-- wp:paragraph -->\n<p>Understanding Innovation Ecosystems: a biomimetic Approach<br>Bibiana Volkmer MARTINS, Kad\u00edgia FACCIN, Eliandro ESPINDULA and Alsones BALESTRIN<\/p>\n<!-- \/wp:paragraph -->\n\n<!-- wp:paragraph -->\n<p>Building and Validation of Scale to measure the Perception of Social Innovation Ecosystems<br>Daniele NESPOLO, Ana Cristina FACCHINELLI, C\u00edntia Paese GIACOMELLO<\/p>\n<!-- \/wp:paragraph -->\n\n<!-- wp:paragraph -->\n<p>The Role of Universities in Innovation Ecosystems: Brazilian Initiatives<br>Guilherme Paraol de MATOS, Rayse Kiane de SOUZA, Clarissa Stefani TEIXEIRA<\/p>\n<!-- \/wp:paragraph -->\n\n<!-- wp:paragraph -->\n<p>Orchestrating University Innovation Ecosystem: The case of a Brazilian University<br>Bruno Anicet BITTENCOURT, Aurora CANEIRO ZEN, Diego Alex GAZARO DOS SANTOS<\/p>\n<!-- \/wp:paragraph -->\n\n<!-- wp:paragraph -->\n<p>Universities and entrepreneurial Ecosystems: a Perspective based on Social Network Analysis Matheus MARQUES, Bruno Brand\u00e3o FISCHER<\/p>\n<!-- \/wp:paragraph -->\n\n<!-- wp:paragraph -->\n<p>Varia<br>Organismes publics et efficacit\u00e9 d\u2019une d\u00e9marche d\u2019intelligence \u00e9conomique au profit des PMEs tunisiennes<br>Fatma TURKI CHICHTI, Ibticem BEN ZAMMEL, Henri DOU<\/p>\n<!-- \/wp:paragraph -->\n\n<!-- wp:paragraph -->\n<p>L\u2019Intelligence Economique et Strat\u00e9gique dans la perspective de World3 2000<br>Henri DOU, Philippe CLERC, Alain JUILLET<\/p>\n<!-- \/wp:paragraph -->\n\n<!-- wp:paragraph -->\n<p>Vers une mod\u00e9lisation de l\u2019intelligence \u00e9conomique dans les petites entreprises<br>Claire d\u2019HENNEZEL<\/p>\n<!-- \/wp:paragraph -->\t\t\t\t\t\t<\/div>\n\t\t\t\t<\/div>\n\t\t\t\t\t<\/div>\n\t\t<\/div>\n\t\t\t\t\t\t\t<\/div>\n\t\t<\/section>\n\t\t\t\t<section class=\"elementor-section elementor-top-section elementor-element elementor-element-072e3a5 elementor-section-boxed elementor-section-height-default elementor-section-height-default\" data-id=\"072e3a5\" data-element_type=\"section\">\n\t\t\t\t\t\t<div class=\"elementor-container elementor-column-gap-default\">\n\t\t\t\t\t<div class=\"elementor-column elementor-col-100 elementor-top-column elementor-element elementor-element-25000c4\" data-id=\"25000c4\" data-element_type=\"column\">\n\t\t\t<div class=\"elementor-widget-wrap elementor-element-populated\">\n\t\t\t\t\t\t\t\t<div class=\"elementor-element elementor-element-de10188 elementor-widget elementor-widget-button\" data-id=\"de10188\" data-element_type=\"widget\" data-widget_type=\"button.default\">\n\t\t\t\t<div class=\"elementor-widget-container\">\n\t\t\t\t\t<div class=\"elementor-button-wrapper\">\n\t\t\t<a href=\"https:\/\/www.va-editions.fr\/revue-internationale-d-intelligence-economique-r2ie-11-2-c2x31407858\" class=\"elementor-button-link elementor-button elementor-size-sm\" role=\"button\">\n\t\t\t\t\t\t<span class=\"elementor-button-content-wrapper\">\n\t\t\t\t\t\t<span class=\"elementor-button-text\">Commander le num\u00e9ro<\/span>\n\t\t<\/span>\n\t\t\t\t\t<\/a>\n\t\t<\/div>\n\t\t\t\t<\/div>\n\t\t\t\t<\/div>\n\t\t\t\t\t<\/div>\n\t\t<\/div>\n\t\t\t\t\t\t\t<\/div>\n\t\t<\/section>\n\t\t\t\t\t\t\t<\/div>\n\t\t","protected":false},"excerpt":{"rendered":"<p>Introduction : The Ecosystem ApproachBibiana VOLKMER MARTINS, Kad\u00edgia FACCIN, Alsones BALESTRIN Understanding Innovation Ecosystems: a biomimetic ApproachBibiana Volkmer MARTINS, Kad\u00edgia FACCIN, Eliandro ESPINDULA and Alsones BALESTRIN Building and Validation of Scale to measure the Perception of Social Innovation EcosystemsDaniele NESPOLO, Ana Cristina FACCHINELLI, C\u00edntia Paese GIACOMELLO The Role of Universities in Innovation Ecosystems: Brazilian InitiativesGuilherme&#8230;<\/p>\n","protected":false},"author":2,"featured_media":1280,"comment_status":"open","ping_status":"open","sticky":false,"template":"","format":"standard","meta":{"_kad_post_transparent":"","_kad_post_title":"","_kad_post_layout":"","_kad_post_sidebar_id":"","_kad_post_content_style":"","_kad_post_vertical_padding":"","_kad_post_feature":"","_kad_post_feature_position":"","_kad_post_header":false,"_kad_post_footer":false,"footnotes":""},"categories":[21,8],"tags":[],"class_list":["post-1279","post","type-post","status-publish","format-standard","has-post-thumbnail","hentry","category-21","category-publications"],"yoast_head":"<!-- This site is optimized with the Yoast SEO plugin v27.1.1 - https:\/\/yoast.com\/product\/yoast-seo-wordpress\/ -->\n<title>R2ie 2019\/2 (Vol. 11) : L\u2019approche br\u00e9silienne des \u00e9cosyst\u00e8mes - Revue Internationale d&#039;Intelligence Economique<\/title>\n<meta name=\"robots\" content=\"index, follow, max-snippet:-1, max-image-preview:large, max-video-preview:-1\" \/>\n<link rel=\"canonical\" href=\"https:\/\/www.r2ie.org\/index.php\/2023\/01\/20\/r2ie-2019-2-vol-11-lapproche-bresilienne-des-ecosystemes-2\/\" \/>\n<meta property=\"og:locale\" content=\"fr_FR\" \/>\n<meta property=\"og:type\" content=\"article\" \/>\n<meta property=\"og:title\" content=\"R2ie 2019\/2 (Vol. 11) : L\u2019approche br\u00e9silienne des \u00e9cosyst\u00e8mes - Revue Internationale d&#039;Intelligence Economique\" \/>\n<meta property=\"og:description\" content=\"Introduction : The Ecosystem ApproachBibiana VOLKMER MARTINS, Kad\u00edgia FACCIN, Alsones BALESTRIN Understanding Innovation Ecosystems: a biomimetic ApproachBibiana Volkmer MARTINS, Kad\u00edgia FACCIN, Eliandro ESPINDULA and Alsones BALESTRIN Building and Validation of Scale to measure the Perception of Social Innovation EcosystemsDaniele NESPOLO, Ana Cristina FACCHINELLI, C\u00edntia Paese GIACOMELLO The Role of Universities in Innovation Ecosystems: Brazilian InitiativesGuilherme...\" \/>\n<meta property=\"og:url\" content=\"https:\/\/www.r2ie.org\/index.php\/2023\/01\/20\/r2ie-2019-2-vol-11-lapproche-bresilienne-des-ecosystemes-2\/\" \/>\n<meta property=\"og:site_name\" content=\"Revue Internationale d&#039;Intelligence Economique\" \/>\n<meta property=\"article:published_time\" content=\"2023-01-20T21:08:43+00:00\" \/>\n<meta property=\"article:modified_time\" content=\"2023-01-21T13:34:30+00:00\" \/>\n<meta property=\"og:image\" content=\"https:\/\/www.r2ie.org\/wp-content\/uploads\/2023\/01\/couverture-numero-2019-2-vol-11-1.webp\" \/>\n\t<meta property=\"og:image:width\" content=\"214\" \/>\n\t<meta property=\"og:image:height\" content=\"300\" \/>\n\t<meta property=\"og:image:type\" content=\"image\/webp\" \/>\n<meta name=\"author\" content=\"R2IE\" \/>\n<meta name=\"twitter:card\" content=\"summary_large_image\" \/>\n<meta name=\"twitter:label1\" content=\"\u00c9crit par\" \/>\n\t<meta name=\"twitter:data1\" content=\"R2IE\" \/>\n\t<meta name=\"twitter:label2\" content=\"Dur\u00e9e de lecture estim\u00e9e\" \/>\n\t<meta name=\"twitter:data2\" content=\"1 minute\" \/>\n<script type=\"application\/ld+json\" class=\"yoast-schema-graph\">{\"@context\":\"https:\/\/schema.org\",\"@graph\":[{\"@type\":\"Article\",\"@id\":\"https:\/\/www.r2ie.org\/index.php\/2023\/01\/20\/r2ie-2019-2-vol-11-lapproche-bresilienne-des-ecosystemes-2\/#article\",\"isPartOf\":{\"@id\":\"https:\/\/www.r2ie.org\/index.php\/2023\/01\/20\/r2ie-2019-2-vol-11-lapproche-bresilienne-des-ecosystemes-2\/\"},\"author\":{\"name\":\"R2IE\",\"@id\":\"https:\/\/www.r2ie.org\/#\/schema\/person\/21294a3f2e9738890df774993726cb49\"},\"headline\":\"R2ie 2019\/2 (Vol. 11) : L\u2019approche br\u00e9silienne des \u00e9cosyst\u00e8mes\",\"datePublished\":\"2023-01-20T21:08:43+00:00\",\"dateModified\":\"2023-01-21T13:34:30+00:00\",\"mainEntityOfPage\":{\"@id\":\"https:\/\/www.r2ie.org\/index.php\/2023\/01\/20\/r2ie-2019-2-vol-11-lapproche-bresilienne-des-ecosystemes-2\/\"},\"wordCount\":172,\"commentCount\":0,\"publisher\":{\"@id\":\"https:\/\/www.r2ie.org\/#organization\"},\"image\":{\"@id\":\"https:\/\/www.r2ie.org\/index.php\/2023\/01\/20\/r2ie-2019-2-vol-11-lapproche-bresilienne-des-ecosystemes-2\/#primaryimage\"},\"thumbnailUrl\":\"https:\/\/www.r2ie.org\/wp-content\/uploads\/2023\/01\/couverture-numero-2019-2-vol-11-1.webp\",\"articleSection\":[\"2019\",\"Publications\"],\"inLanguage\":\"fr-FR\"},{\"@type\":\"WebPage\",\"@id\":\"https:\/\/www.r2ie.org\/index.php\/2023\/01\/20\/r2ie-2019-2-vol-11-lapproche-bresilienne-des-ecosystemes-2\/\",\"url\":\"https:\/\/www.r2ie.org\/index.php\/2023\/01\/20\/r2ie-2019-2-vol-11-lapproche-bresilienne-des-ecosystemes-2\/\",\"name\":\"R2ie 2019\/2 (Vol. 11) : L\u2019approche br\u00e9silienne des \u00e9cosyst\u00e8mes - Revue Internationale d&#039;Intelligence Economique\",\"isPartOf\":{\"@id\":\"https:\/\/www.r2ie.org\/#website\"},\"primaryImageOfPage\":{\"@id\":\"https:\/\/www.r2ie.org\/index.php\/2023\/01\/20\/r2ie-2019-2-vol-11-lapproche-bresilienne-des-ecosystemes-2\/#primaryimage\"},\"image\":{\"@id\":\"https:\/\/www.r2ie.org\/index.php\/2023\/01\/20\/r2ie-2019-2-vol-11-lapproche-bresilienne-des-ecosystemes-2\/#primaryimage\"},\"thumbnailUrl\":\"https:\/\/www.r2ie.org\/wp-content\/uploads\/2023\/01\/couverture-numero-2019-2-vol-11-1.webp\",\"datePublished\":\"2023-01-20T21:08:43+00:00\",\"dateModified\":\"2023-01-21T13:34:30+00:00\",\"breadcrumb\":{\"@id\":\"https:\/\/www.r2ie.org\/index.php\/2023\/01\/20\/r2ie-2019-2-vol-11-lapproche-bresilienne-des-ecosystemes-2\/#breadcrumb\"},\"inLanguage\":\"fr-FR\",\"potentialAction\":[{\"@type\":\"ReadAction\",\"target\":[\"https:\/\/www.r2ie.org\/index.php\/2023\/01\/20\/r2ie-2019-2-vol-11-lapproche-bresilienne-des-ecosystemes-2\/\"]}]},{\"@type\":\"ImageObject\",\"inLanguage\":\"fr-FR\",\"@id\":\"https:\/\/www.r2ie.org\/index.php\/2023\/01\/20\/r2ie-2019-2-vol-11-lapproche-bresilienne-des-ecosystemes-2\/#primaryimage\",\"url\":\"https:\/\/www.r2ie.org\/wp-content\/uploads\/2023\/01\/couverture-numero-2019-2-vol-11-1.webp\",\"contentUrl\":\"https:\/\/www.r2ie.org\/wp-content\/uploads\/2023\/01\/couverture-numero-2019-2-vol-11-1.webp\",\"width\":214,\"height\":300,\"caption\":\"Couverture du deuxi\u00e8me num\u00e9ro du volume 11 paru en 2019\"},{\"@type\":\"BreadcrumbList\",\"@id\":\"https:\/\/www.r2ie.org\/index.php\/2023\/01\/20\/r2ie-2019-2-vol-11-lapproche-bresilienne-des-ecosystemes-2\/#breadcrumb\",\"itemListElement\":[{\"@type\":\"ListItem\",\"position\":1,\"name\":\"Accueil\",\"item\":\"https:\/\/www.r2ie.org\/\"},{\"@type\":\"ListItem\",\"position\":2,\"name\":\"R2ie 2019\/2 (Vol. 11) : L\u2019approche br\u00e9silienne des \u00e9cosyst\u00e8mes\"}]},{\"@type\":\"WebSite\",\"@id\":\"https:\/\/www.r2ie.org\/#website\",\"url\":\"https:\/\/www.r2ie.org\/\",\"name\":\"Revue Internationale d&#039;Intelligence Economique\",\"description\":\"\",\"publisher\":{\"@id\":\"https:\/\/www.r2ie.org\/#organization\"},\"potentialAction\":[{\"@type\":\"SearchAction\",\"target\":{\"@type\":\"EntryPoint\",\"urlTemplate\":\"https:\/\/www.r2ie.org\/?s={search_term_string}\"},\"query-input\":{\"@type\":\"PropertyValueSpecification\",\"valueRequired\":true,\"valueName\":\"search_term_string\"}}],\"inLanguage\":\"fr-FR\"},{\"@type\":\"Organization\",\"@id\":\"https:\/\/www.r2ie.org\/#organization\",\"name\":\"Revue Internationale d&#039;Intelligence Economique\",\"url\":\"https:\/\/www.r2ie.org\/\",\"logo\":{\"@type\":\"ImageObject\",\"inLanguage\":\"fr-FR\",\"@id\":\"https:\/\/www.r2ie.org\/#\/schema\/logo\/image\/\",\"url\":\"https:\/\/www.r2ie.org\/wp-content\/uploads\/2023\/01\/cropped-cropped-logo-r2ie-dc3a9gradc3a9.webp\",\"contentUrl\":\"https:\/\/www.r2ie.org\/wp-content\/uploads\/2023\/01\/cropped-cropped-logo-r2ie-dc3a9gradc3a9.webp\",\"width\":654,\"height\":251,\"caption\":\"Revue Internationale d&#039;Intelligence Economique\"},\"image\":{\"@id\":\"https:\/\/www.r2ie.org\/#\/schema\/logo\/image\/\"}},{\"@type\":\"Person\",\"@id\":\"https:\/\/www.r2ie.org\/#\/schema\/person\/21294a3f2e9738890df774993726cb49\",\"name\":\"R2IE\",\"image\":{\"@type\":\"ImageObject\",\"inLanguage\":\"fr-FR\",\"@id\":\"https:\/\/www.r2ie.org\/#\/schema\/person\/image\/\",\"url\":\"https:\/\/secure.gravatar.com\/avatar\/e2f01e4bdf22419df786661089f63860b50344c1708b70c65789fdf1a24567fc?s=96&d=mm&r=g\",\"contentUrl\":\"https:\/\/secure.gravatar.com\/avatar\/e2f01e4bdf22419df786661089f63860b50344c1708b70c65789fdf1a24567fc?s=96&d=mm&r=g\",\"caption\":\"R2IE\"},\"url\":\"https:\/\/www.r2ie.org\/index.php\/author\/ibrahim\/\"}]}<\/script>\n<!-- \/ Yoast SEO plugin. -->","yoast_head_json":{"title":"R2ie 2019\/2 (Vol. 11) : L\u2019approche br\u00e9silienne des \u00e9cosyst\u00e8mes - Revue Internationale d&#039;Intelligence Economique","robots":{"index":"index","follow":"follow","max-snippet":"max-snippet:-1","max-image-preview":"max-image-preview:large","max-video-preview":"max-video-preview:-1"},"canonical":"https:\/\/www.r2ie.org\/index.php\/2023\/01\/20\/r2ie-2019-2-vol-11-lapproche-bresilienne-des-ecosystemes-2\/","og_locale":"fr_FR","og_type":"article","og_title":"R2ie 2019\/2 (Vol. 11) : L\u2019approche br\u00e9silienne des \u00e9cosyst\u00e8mes - Revue Internationale d&#039;Intelligence Economique","og_description":"Introduction : The Ecosystem ApproachBibiana VOLKMER MARTINS, Kad\u00edgia FACCIN, Alsones BALESTRIN Understanding Innovation Ecosystems: a biomimetic ApproachBibiana Volkmer MARTINS, Kad\u00edgia FACCIN, Eliandro ESPINDULA and Alsones BALESTRIN Building and Validation of Scale to measure the Perception of Social Innovation EcosystemsDaniele NESPOLO, Ana Cristina FACCHINELLI, C\u00edntia Paese GIACOMELLO The Role of Universities in Innovation Ecosystems: Brazilian InitiativesGuilherme...","og_url":"https:\/\/www.r2ie.org\/index.php\/2023\/01\/20\/r2ie-2019-2-vol-11-lapproche-bresilienne-des-ecosystemes-2\/","og_site_name":"Revue Internationale d&#039;Intelligence Economique","article_published_time":"2023-01-20T21:08:43+00:00","article_modified_time":"2023-01-21T13:34:30+00:00","og_image":[{"width":214,"height":300,"url":"https:\/\/www.r2ie.org\/wp-content\/uploads\/2023\/01\/couverture-numero-2019-2-vol-11-1.webp","type":"image\/webp"}],"author":"R2IE","twitter_card":"summary_large_image","twitter_misc":{"\u00c9crit par":"R2IE","Dur\u00e9e de lecture estim\u00e9e":"1 minute"},"schema":{"@context":"https:\/\/schema.org","@graph":[{"@type":"Article","@id":"https:\/\/www.r2ie.org\/index.php\/2023\/01\/20\/r2ie-2019-2-vol-11-lapproche-bresilienne-des-ecosystemes-2\/#article","isPartOf":{"@id":"https:\/\/www.r2ie.org\/index.php\/2023\/01\/20\/r2ie-2019-2-vol-11-lapproche-bresilienne-des-ecosystemes-2\/"},"author":{"name":"R2IE","@id":"https:\/\/www.r2ie.org\/#\/schema\/person\/21294a3f2e9738890df774993726cb49"},"headline":"R2ie 2019\/2 (Vol. 11) : L\u2019approche br\u00e9silienne des \u00e9cosyst\u00e8mes","datePublished":"2023-01-20T21:08:43+00:00","dateModified":"2023-01-21T13:34:30+00:00","mainEntityOfPage":{"@id":"https:\/\/www.r2ie.org\/index.php\/2023\/01\/20\/r2ie-2019-2-vol-11-lapproche-bresilienne-des-ecosystemes-2\/"},"wordCount":172,"commentCount":0,"publisher":{"@id":"https:\/\/www.r2ie.org\/#organization"},"image":{"@id":"https:\/\/www.r2ie.org\/index.php\/2023\/01\/20\/r2ie-2019-2-vol-11-lapproche-bresilienne-des-ecosystemes-2\/#primaryimage"},"thumbnailUrl":"https:\/\/www.r2ie.org\/wp-content\/uploads\/2023\/01\/couverture-numero-2019-2-vol-11-1.webp","articleSection":["2019","Publications"],"inLanguage":"fr-FR"},{"@type":"WebPage","@id":"https:\/\/www.r2ie.org\/index.php\/2023\/01\/20\/r2ie-2019-2-vol-11-lapproche-bresilienne-des-ecosystemes-2\/","url":"https:\/\/www.r2ie.org\/index.php\/2023\/01\/20\/r2ie-2019-2-vol-11-lapproche-bresilienne-des-ecosystemes-2\/","name":"R2ie 2019\/2 (Vol. 11) : L\u2019approche br\u00e9silienne des \u00e9cosyst\u00e8mes - Revue Internationale d&#039;Intelligence Economique","isPartOf":{"@id":"https:\/\/www.r2ie.org\/#website"},"primaryImageOfPage":{"@id":"https:\/\/www.r2ie.org\/index.php\/2023\/01\/20\/r2ie-2019-2-vol-11-lapproche-bresilienne-des-ecosystemes-2\/#primaryimage"},"image":{"@id":"https:\/\/www.r2ie.org\/index.php\/2023\/01\/20\/r2ie-2019-2-vol-11-lapproche-bresilienne-des-ecosystemes-2\/#primaryimage"},"thumbnailUrl":"https:\/\/www.r2ie.org\/wp-content\/uploads\/2023\/01\/couverture-numero-2019-2-vol-11-1.webp","datePublished":"2023-01-20T21:08:43+00:00","dateModified":"2023-01-21T13:34:30+00:00","breadcrumb":{"@id":"https:\/\/www.r2ie.org\/index.php\/2023\/01\/20\/r2ie-2019-2-vol-11-lapproche-bresilienne-des-ecosystemes-2\/#breadcrumb"},"inLanguage":"fr-FR","potentialAction":[{"@type":"ReadAction","target":["https:\/\/www.r2ie.org\/index.php\/2023\/01\/20\/r2ie-2019-2-vol-11-lapproche-bresilienne-des-ecosystemes-2\/"]}]},{"@type":"ImageObject","inLanguage":"fr-FR","@id":"https:\/\/www.r2ie.org\/index.php\/2023\/01\/20\/r2ie-2019-2-vol-11-lapproche-bresilienne-des-ecosystemes-2\/#primaryimage","url":"https:\/\/www.r2ie.org\/wp-content\/uploads\/2023\/01\/couverture-numero-2019-2-vol-11-1.webp","contentUrl":"https:\/\/www.r2ie.org\/wp-content\/uploads\/2023\/01\/couverture-numero-2019-2-vol-11-1.webp","width":214,"height":300,"caption":"Couverture du deuxi\u00e8me num\u00e9ro du volume 11 paru en 2019"},{"@type":"BreadcrumbList","@id":"https:\/\/www.r2ie.org\/index.php\/2023\/01\/20\/r2ie-2019-2-vol-11-lapproche-bresilienne-des-ecosystemes-2\/#breadcrumb","itemListElement":[{"@type":"ListItem","position":1,"name":"Accueil","item":"https:\/\/www.r2ie.org\/"},{"@type":"ListItem","position":2,"name":"R2ie 2019\/2 (Vol. 11) : L\u2019approche br\u00e9silienne des \u00e9cosyst\u00e8mes"}]},{"@type":"WebSite","@id":"https:\/\/www.r2ie.org\/#website","url":"https:\/\/www.r2ie.org\/","name":"Revue Internationale d&#039;Intelligence Economique","description":"","publisher":{"@id":"https:\/\/www.r2ie.org\/#organization"},"potentialAction":[{"@type":"SearchAction","target":{"@type":"EntryPoint","urlTemplate":"https:\/\/www.r2ie.org\/?s={search_term_string}"},"query-input":{"@type":"PropertyValueSpecification","valueRequired":true,"valueName":"search_term_string"}}],"inLanguage":"fr-FR"},{"@type":"Organization","@id":"https:\/\/www.r2ie.org\/#organization","name":"Revue Internationale d&#039;Intelligence Economique","url":"https:\/\/www.r2ie.org\/","logo":{"@type":"ImageObject","inLanguage":"fr-FR","@id":"https:\/\/www.r2ie.org\/#\/schema\/logo\/image\/","url":"https:\/\/www.r2ie.org\/wp-content\/uploads\/2023\/01\/cropped-cropped-logo-r2ie-dc3a9gradc3a9.webp","contentUrl":"https:\/\/www.r2ie.org\/wp-content\/uploads\/2023\/01\/cropped-cropped-logo-r2ie-dc3a9gradc3a9.webp","width":654,"height":251,"caption":"Revue Internationale d&#039;Intelligence Economique"},"image":{"@id":"https:\/\/www.r2ie.org\/#\/schema\/logo\/image\/"}},{"@type":"Person","@id":"https:\/\/www.r2ie.org\/#\/schema\/person\/21294a3f2e9738890df774993726cb49","name":"R2IE","image":{"@type":"ImageObject","inLanguage":"fr-FR","@id":"https:\/\/www.r2ie.org\/#\/schema\/person\/image\/","url":"https:\/\/secure.gravatar.com\/avatar\/e2f01e4bdf22419df786661089f63860b50344c1708b70c65789fdf1a24567fc?s=96&d=mm&r=g","contentUrl":"https:\/\/secure.gravatar.com\/avatar\/e2f01e4bdf22419df786661089f63860b50344c1708b70c65789fdf1a24567fc?s=96&d=mm&r=g","caption":"R2IE"},"url":"https:\/\/www.r2ie.org\/index.php\/author\/ibrahim\/"}]}},"_links":{"self":[{"href":"https:\/\/www.r2ie.org\/index.php\/wp-json\/wp\/v2\/posts\/1279","targetHints":{"allow":["GET"]}}],"collection":[{"href":"https:\/\/www.r2ie.org\/index.php\/wp-json\/wp\/v2\/posts"}],"about":[{"href":"https:\/\/www.r2ie.org\/index.php\/wp-json\/wp\/v2\/types\/post"}],"author":[{"embeddable":true,"href":"https:\/\/www.r2ie.org\/index.php\/wp-json\/wp\/v2\/users\/2"}],"replies":[{"embeddable":true,"href":"https:\/\/www.r2ie.org\/index.php\/wp-json\/wp\/v2\/comments?post=1279"}],"version-history":[{"count":5,"href":"https:\/\/www.r2ie.org\/index.php\/wp-json\/wp\/v2\/posts\/1279\/revisions"}],"predecessor-version":[{"id":1590,"href":"https:\/\/www.r2ie.org\/index.php\/wp-json\/wp\/v2\/posts\/1279\/revisions\/1590"}],"wp:featuredmedia":[{"embeddable":true,"href":"https:\/\/www.r2ie.org\/index.php\/wp-json\/wp\/v2\/media\/1280"}],"wp:attachment":[{"href":"https:\/\/www.r2ie.org\/index.php\/wp-json\/wp\/v2\/media?parent=1279"}],"wp:term":[{"taxonomy":"category","embeddable":true,"href":"https:\/\/www.r2ie.org\/index.php\/wp-json\/wp\/v2\/categories?post=1279"},{"taxonomy":"post_tag","embeddable":true,"href":"https:\/\/www.r2ie.org\/index.php\/wp-json\/wp\/v2\/tags?post=1279"}],"curies":[{"name":"wp","href":"https:\/\/api.w.org\/{rel}","templated":true}]}}