{"id":1248,"date":"2023-01-20T21:23:13","date_gmt":"2023-01-20T20:23:13","guid":{"rendered":"http:\/\/iypxhnp.cluster029.hosting.ovh.net\/?p=1248"},"modified":"2023-01-21T14:35:22","modified_gmt":"2023-01-21T13:35:22","slug":"r2ie-2018-2-vol-10-intelligence-strategique-au-canada-un-panorama","status":"publish","type":"post","link":"https:\/\/www.r2ie.org\/index.php\/2023\/01\/20\/r2ie-2018-2-vol-10-intelligence-strategique-au-canada-un-panorama\/","title":{"rendered":"R2ie 2018\/2 (Vol. 10) : Intelligence strat\u00e9gique au Canada : un panorama"},"content":{"rendered":"\t\t<div data-elementor-type=\"wp-post\" data-elementor-id=\"1248\" class=\"elementor elementor-1248\">\n\t\t\t\t\t\t\t\t\t<section class=\"elementor-section elementor-top-section elementor-element elementor-element-75ce4ae9 elementor-section-boxed elementor-section-height-default elementor-section-height-default\" data-id=\"75ce4ae9\" data-element_type=\"section\">\n\t\t\t\t\t\t<div class=\"elementor-container elementor-column-gap-default\">\n\t\t\t\t\t<div class=\"elementor-column elementor-col-100 elementor-top-column elementor-element elementor-element-35797173\" data-id=\"35797173\" data-element_type=\"column\">\n\t\t\t<div class=\"elementor-widget-wrap elementor-element-populated\">\n\t\t\t\t\t\t\t\t<div class=\"elementor-element elementor-element-f23f29b elementor-widget elementor-widget-text-editor\" data-id=\"f23f29b\" data-element_type=\"widget\" data-widget_type=\"text-editor.default\">\n\t\t\t\t<div class=\"elementor-widget-container\">\n\t\t\t<style>\/*! elementor - v3.10.0 - 09-01-2023 *\/\n.elementor-widget-text-editor.elementor-drop-cap-view-stacked .elementor-drop-cap{background-color:#818a91;color:#fff}.elementor-widget-text-editor.elementor-drop-cap-view-framed .elementor-drop-cap{color:#818a91;border:3px solid;background-color:transparent}.elementor-widget-text-editor:not(.elementor-drop-cap-view-default) .elementor-drop-cap{margin-top:8px}.elementor-widget-text-editor:not(.elementor-drop-cap-view-default) .elementor-drop-cap-letter{width:1em;height:1em}.elementor-widget-text-editor .elementor-drop-cap{float:left;text-align:center;line-height:1;font-size:50px}.elementor-widget-text-editor .elementor-drop-cap-letter{display:inline-block}<\/style>\t\t\t\t<!-- wp:paragraph -->\n<p>Avec le num\u00e9ro 10 \u2013 (2\/2018), la&nbsp;<strong><em>Revue Internationale d\u2019Intelligence \u00c9conomique<\/em>&nbsp;<\/strong>ouvre une s\u00e9rie de num\u00e9ros sp\u00e9ciaux dits \u00ab&nbsp;Regards internationaux&nbsp;\u00bb consacr\u00e9s \u00e0 l\u2019intelligence \u00e9conomique telle qu\u2019elle se pratique \u00e0 l\u2019\u00e9tranger.<\/p>\n<!-- \/wp:paragraph -->\n\n<!-- wp:paragraph -->\n<p>Si l\u2019on peut faire l\u2019hypoth\u00e8se qu\u2019il existe des invariants de l\u2019intelligence \u00e9conomique quel que soit le contexte local (la n\u00e9cessit\u00e9 de l\u2019information, de l\u2019action collective, l\u2019existence de logiques d\u2019influence\u2026), chacun devine que la pratique de l\u2019intelligence \u00e9conomique est travers\u00e9e par les dimensions culturelles propres \u00e0 chaque pays. Le rapport Henri Martre, d\u00e8s 1994, a d\u00e9crit des mod\u00e8les nationaux articulant structure organisationnelle nationale, rapports entre le secteur priv\u00e9 et les organismes publics, culture du renseignement et de l\u2019action collective\u2026<\/p>\n<!-- \/wp:paragraph -->\n\n<!-- wp:paragraph -->\n<p>La&nbsp;<em>Revue Internationale d\u2019Intelligence \u00c9conomique<\/em>&nbsp;accueille r\u00e9guli\u00e8rement des articles de chercheurs issus de la francophonie. Ses comit\u00e9s comptent en leur sein des chercheurs de plusieurs pays. Mais cela ne suffit pas.<\/p>\n<!-- \/wp:paragraph -->\n\n<!-- wp:paragraph -->\n<p>Nous faisons maintenant le choix d\u2019aller plus loin dans notre dimension internationale en questionnant l\u2019intelligence \u00e9conomique telle qu\u2019elle se pratique hors de nos fronti\u00e8res, en confiant la r\u00e9alisation de ces \u00ab&nbsp;<strong>Regards internationaux<\/strong>&nbsp;\u00bb \u00e0 des chercheurs reconnus internationalement. Ils sont les mieux \u00e0 m\u00eame de susciter et coordonner une r\u00e9flexion sur l\u2019intelligence \u00e9conomique dans leur pays. Leur<em>&nbsp;confier<\/em>&nbsp;des num\u00e9ros, c\u2019est litt\u00e9ralement travailler en&nbsp;<em>confiance<\/em>&nbsp;avec eux. Nous nous engageons \u00e0 leurs c\u00f4t\u00e9s. La revue demeure garante de la qualit\u00e9 scientifique du travail r\u00e9alis\u00e9.<\/p>\n<!-- \/wp:paragraph -->\n\n<!-- wp:paragraph -->\n<p>Nous sommes heureux et honor\u00e9s d\u2019ouvrir ces \u00ab&nbsp;Regards internationaux&nbsp;\u00bb par un num\u00e9ro consacr\u00e9 \u00e0 l\u2019intelligence \u00ab&nbsp;strat\u00e9gique&nbsp;\u00bb canadienne \u2013 l\u2019expression \u00ab&nbsp;intelligence \u00e9conomique&nbsp;\u00bb n\u2019ayant pas cours au Canada.&nbsp;<strong><a href=\"http:\/\/professeure.umoncton.ca\/umcs-mallowan_monica\/node\/1\" target=\"_blank\" rel=\"noreferrer noopener\">Monica Mallowan<\/a><\/strong>, professeure agr\u00e9g\u00e9e en information-communication \u00e0 l\u2019Universit\u00e9 de Moncton (Nouveau-Brunswick) et&nbsp;<strong><a href=\"https:\/\/telfer.uottawa.ca\/en\/directory\/professors-by-area-of-expertise\/entrepreneurship-a-innovation\/calof-jonathan\" target=\"_blank\" rel=\"noreferrer noopener\">Jonathan Calof<\/a>,<\/strong>&nbsp;professeur en sciences de gestion \u00e0 la Telfer School of Business de l\u2019Universit\u00e9 d\u2019Ottawa (Ontario) comptent indiscutablement parmi les plus renomm\u00e9s sp\u00e9cialistes universitaires canadiens de l\u2019intelligence strat\u00e9gique\/<em>competitive intelligence<\/em>. De la r\u00e9daction de l\u2019appel \u00e0 article \u00e0 la s\u00e9lection finale des textes, ils ont collabor\u00e9 \u00e0 l\u2019\u00e9laboration de ce num\u00e9ro de qualit\u00e9 dans lequel le lecteur va beaucoup apprendre.<\/p>\n<!-- \/wp:paragraph -->\n\n<!-- wp:paragraph -->\n<p>Le Canada \u00e9tant bilingue, les auteurs de ce num\u00e9ro s\u2019expriment tant\u00f4t en fran\u00e7ais, tant\u00f4t en anglais. A chaque fois que cela aura du sens, la revue publiera des articles en anglais \u00e0 c\u00f4t\u00e9 des articles en fran\u00e7ais. Des num\u00e9ros sont en pr\u00e9paration sur l\u2019intelligence \u00e9conomique br\u00e9silienne, l\u2019intelligence \u00e9conomique marocaine\u2026<\/p>\n<!-- \/wp:paragraph -->\n\n<!-- wp:paragraph -->\n<p>Dans l\u2019introduction du pr\u00e9sent num\u00e9ro, les professeurs Mallowan et Calof exposent le projet qui sous-tend ce num\u00e9ro de la revue et annoncent les articles que nous publions. Nous vous invitons \u00e0 lire cette introduction avant d\u2019aborder des articles.<\/p>\n<!-- \/wp:paragraph -->\n\n<!-- wp:paragraph -->\n<p>Ce num\u00e9ro comporte \u00e9galement une courte partie \u00ab&nbsp;Varia&nbsp;\u00bb qui accueille un article de deux auteurs alg\u00e9riens, Rafik Missoum et Mustapha Bouroubi, lesquels portent une r\u00e9flexion sur la possibilit\u00e9 pour l\u2019Alg\u00e9rie de se construire un avantage concurrentiel dans le secteur des TIC gr\u00e2ce \u00e0 une approche en termes d\u2019intelligence \u00e9conomique. Elle est compl\u00e9t\u00e9e par la recension de deux ouvrages&nbsp;:&nbsp;<em>Les dirigeants face \u00e0 l\u2019information<\/em>&nbsp;de Pascal Junghans, et&nbsp;<em>Infodictat. R\u00e9sister et s\u2019informer \u00e0 l\u2019\u00e8re du digital<\/em>&nbsp;de Pascal Frion. Ces recensions sont \u00e9galement disponibles sur ce site.<\/p>\n<!-- \/wp:paragraph -->\t\t\t\t\t\t<\/div>\n\t\t\t\t<\/div>\n\t\t\t\t\t<\/div>\n\t\t<\/div>\n\t\t\t\t\t\t\t<\/div>\n\t\t<\/section>\n\t\t\t\t<section class=\"elementor-section elementor-top-section elementor-element elementor-element-34c9c58 elementor-section-boxed elementor-section-height-default elementor-section-height-default\" data-id=\"34c9c58\" data-element_type=\"section\">\n\t\t\t\t\t\t<div class=\"elementor-container elementor-column-gap-default\">\n\t\t\t\t\t<div class=\"elementor-column elementor-col-100 elementor-top-column elementor-element elementor-element-41a822a\" data-id=\"41a822a\" data-element_type=\"column\">\n\t\t\t<div class=\"elementor-widget-wrap elementor-element-populated\">\n\t\t\t\t\t\t\t\t<div class=\"elementor-element elementor-element-200e097 elementor-widget elementor-widget-button\" data-id=\"200e097\" data-element_type=\"widget\" data-widget_type=\"button.default\">\n\t\t\t\t<div class=\"elementor-widget-container\">\n\t\t\t\t\t<div class=\"elementor-button-wrapper\">\n\t\t\t<a href=\"https:\/\/www.va-editions.fr\/revue-internationale-d-intelligence-economique-r2ie-10-2-c2x29456498\" class=\"elementor-button-link elementor-button elementor-size-sm\" role=\"button\">\n\t\t\t\t\t\t<span class=\"elementor-button-content-wrapper\">\n\t\t\t\t\t\t<span class=\"elementor-button-text\">Commander le num\u00e9ro<\/span>\n\t\t<\/span>\n\t\t\t\t\t<\/a>\n\t\t<\/div>\n\t\t\t\t<\/div>\n\t\t\t\t<\/div>\n\t\t\t\t\t<\/div>\n\t\t<\/div>\n\t\t\t\t\t\t\t<\/div>\n\t\t<\/section>\n\t\t\t\t\t\t\t<\/div>\n\t\t","protected":false},"excerpt":{"rendered":"<p>Avec le num\u00e9ro 10 \u2013 (2\/2018), la&nbsp;Revue Internationale d\u2019Intelligence \u00c9conomique&nbsp;ouvre une s\u00e9rie de num\u00e9ros sp\u00e9ciaux dits \u00ab&nbsp;Regards internationaux&nbsp;\u00bb consacr\u00e9s \u00e0 l\u2019intelligence \u00e9conomique telle qu\u2019elle se pratique \u00e0 l\u2019\u00e9tranger. Si l\u2019on peut faire l\u2019hypoth\u00e8se qu\u2019il existe des invariants de l\u2019intelligence \u00e9conomique quel que soit le contexte local (la n\u00e9cessit\u00e9 de l\u2019information, de l\u2019action collective, l\u2019existence de&#8230;<\/p>\n","protected":false},"author":2,"featured_media":1258,"comment_status":"open","ping_status":"open","sticky":false,"template":"","format":"standard","meta":{"_kad_post_transparent":"","_kad_post_title":"","_kad_post_layout":"","_kad_post_sidebar_id":"","_kad_post_content_style":"","_kad_post_vertical_padding":"","_kad_post_feature":"","_kad_post_feature_position":"","_kad_post_header":false,"_kad_post_footer":false,"footnotes":""},"categories":[20,8],"tags":[],"class_list":["post-1248","post","type-post","status-publish","format-standard","has-post-thumbnail","hentry","category-20","category-publications"],"yoast_head":"<!-- This site is optimized with the Yoast SEO plugin v27.1.1 - https:\/\/yoast.com\/product\/yoast-seo-wordpress\/ -->\n<title>R2ie 2018\/2 (Vol. 10) : Intelligence strat\u00e9gique au Canada : un panorama - Revue Internationale d&#039;Intelligence Economique<\/title>\n<meta name=\"robots\" content=\"index, follow, max-snippet:-1, max-image-preview:large, max-video-preview:-1\" \/>\n<link rel=\"canonical\" href=\"https:\/\/www.r2ie.org\/index.php\/2023\/01\/20\/r2ie-2018-2-vol-10-intelligence-strategique-au-canada-un-panorama\/\" \/>\n<meta property=\"og:locale\" content=\"fr_FR\" \/>\n<meta property=\"og:type\" content=\"article\" \/>\n<meta property=\"og:title\" content=\"R2ie 2018\/2 (Vol. 10) : Intelligence strat\u00e9gique au Canada : un panorama - Revue Internationale d&#039;Intelligence Economique\" \/>\n<meta property=\"og:description\" content=\"Avec le num\u00e9ro 10 \u2013 (2\/2018), la&nbsp;Revue Internationale d\u2019Intelligence \u00c9conomique&nbsp;ouvre une s\u00e9rie de num\u00e9ros sp\u00e9ciaux dits \u00ab&nbsp;Regards internationaux&nbsp;\u00bb consacr\u00e9s \u00e0 l\u2019intelligence \u00e9conomique telle qu\u2019elle se pratique \u00e0 l\u2019\u00e9tranger. Si l\u2019on peut faire l\u2019hypoth\u00e8se qu\u2019il existe des invariants de l\u2019intelligence \u00e9conomique quel que soit le contexte local (la n\u00e9cessit\u00e9 de l\u2019information, de l\u2019action collective, l\u2019existence de...\" \/>\n<meta property=\"og:url\" content=\"https:\/\/www.r2ie.org\/index.php\/2023\/01\/20\/r2ie-2018-2-vol-10-intelligence-strategique-au-canada-un-panorama\/\" \/>\n<meta property=\"og:site_name\" content=\"Revue Internationale d&#039;Intelligence Economique\" \/>\n<meta property=\"article:published_time\" content=\"2023-01-20T20:23:13+00:00\" \/>\n<meta property=\"article:modified_time\" content=\"2023-01-21T13:35:22+00:00\" \/>\n<meta property=\"og:image\" content=\"https:\/\/www.r2ie.org\/wp-content\/uploads\/2023\/01\/couverture-numero-2018-2-vol-10.webp\" \/>\n\t<meta property=\"og:image:width\" content=\"214\" \/>\n\t<meta property=\"og:image:height\" content=\"300\" \/>\n\t<meta property=\"og:image:type\" content=\"image\/webp\" \/>\n<meta name=\"author\" content=\"R2IE\" \/>\n<meta name=\"twitter:card\" content=\"summary_large_image\" \/>\n<meta name=\"twitter:label1\" content=\"\u00c9crit par\" \/>\n\t<meta name=\"twitter:data1\" content=\"R2IE\" \/>\n\t<meta name=\"twitter:label2\" content=\"Dur\u00e9e de lecture estim\u00e9e\" \/>\n\t<meta name=\"twitter:data2\" content=\"3 minutes\" \/>\n<script type=\"application\/ld+json\" class=\"yoast-schema-graph\">{\"@context\":\"https:\/\/schema.org\",\"@graph\":[{\"@type\":\"Article\",\"@id\":\"https:\/\/www.r2ie.org\/index.php\/2023\/01\/20\/r2ie-2018-2-vol-10-intelligence-strategique-au-canada-un-panorama\/#article\",\"isPartOf\":{\"@id\":\"https:\/\/www.r2ie.org\/index.php\/2023\/01\/20\/r2ie-2018-2-vol-10-intelligence-strategique-au-canada-un-panorama\/\"},\"author\":{\"name\":\"R2IE\",\"@id\":\"https:\/\/www.r2ie.org\/#\/schema\/person\/21294a3f2e9738890df774993726cb49\"},\"headline\":\"R2ie 2018\/2 (Vol. 10) : Intelligence strat\u00e9gique au Canada : un panorama\",\"datePublished\":\"2023-01-20T20:23:13+00:00\",\"dateModified\":\"2023-01-21T13:35:22+00:00\",\"mainEntityOfPage\":{\"@id\":\"https:\/\/www.r2ie.org\/index.php\/2023\/01\/20\/r2ie-2018-2-vol-10-intelligence-strategique-au-canada-un-panorama\/\"},\"wordCount\":608,\"commentCount\":0,\"publisher\":{\"@id\":\"https:\/\/www.r2ie.org\/#organization\"},\"image\":{\"@id\":\"https:\/\/www.r2ie.org\/index.php\/2023\/01\/20\/r2ie-2018-2-vol-10-intelligence-strategique-au-canada-un-panorama\/#primaryimage\"},\"thumbnailUrl\":\"https:\/\/www.r2ie.org\/wp-content\/uploads\/2023\/01\/couverture-numero-2018-2-vol-10.webp\",\"articleSection\":[\"2018\",\"Publications\"],\"inLanguage\":\"fr-FR\"},{\"@type\":\"WebPage\",\"@id\":\"https:\/\/www.r2ie.org\/index.php\/2023\/01\/20\/r2ie-2018-2-vol-10-intelligence-strategique-au-canada-un-panorama\/\",\"url\":\"https:\/\/www.r2ie.org\/index.php\/2023\/01\/20\/r2ie-2018-2-vol-10-intelligence-strategique-au-canada-un-panorama\/\",\"name\":\"R2ie 2018\/2 (Vol. 10) : Intelligence strat\u00e9gique au Canada : un panorama - Revue Internationale d&#039;Intelligence Economique\",\"isPartOf\":{\"@id\":\"https:\/\/www.r2ie.org\/#website\"},\"primaryImageOfPage\":{\"@id\":\"https:\/\/www.r2ie.org\/index.php\/2023\/01\/20\/r2ie-2018-2-vol-10-intelligence-strategique-au-canada-un-panorama\/#primaryimage\"},\"image\":{\"@id\":\"https:\/\/www.r2ie.org\/index.php\/2023\/01\/20\/r2ie-2018-2-vol-10-intelligence-strategique-au-canada-un-panorama\/#primaryimage\"},\"thumbnailUrl\":\"https:\/\/www.r2ie.org\/wp-content\/uploads\/2023\/01\/couverture-numero-2018-2-vol-10.webp\",\"datePublished\":\"2023-01-20T20:23:13+00:00\",\"dateModified\":\"2023-01-21T13:35:22+00:00\",\"breadcrumb\":{\"@id\":\"https:\/\/www.r2ie.org\/index.php\/2023\/01\/20\/r2ie-2018-2-vol-10-intelligence-strategique-au-canada-un-panorama\/#breadcrumb\"},\"inLanguage\":\"fr-FR\",\"potentialAction\":[{\"@type\":\"ReadAction\",\"target\":[\"https:\/\/www.r2ie.org\/index.php\/2023\/01\/20\/r2ie-2018-2-vol-10-intelligence-strategique-au-canada-un-panorama\/\"]}]},{\"@type\":\"ImageObject\",\"inLanguage\":\"fr-FR\",\"@id\":\"https:\/\/www.r2ie.org\/index.php\/2023\/01\/20\/r2ie-2018-2-vol-10-intelligence-strategique-au-canada-un-panorama\/#primaryimage\",\"url\":\"https:\/\/www.r2ie.org\/wp-content\/uploads\/2023\/01\/couverture-numero-2018-2-vol-10.webp\",\"contentUrl\":\"https:\/\/www.r2ie.org\/wp-content\/uploads\/2023\/01\/couverture-numero-2018-2-vol-10.webp\",\"width\":214,\"height\":300,\"caption\":\"Couverture du deuxi\u00e8me num\u00e9ro du volume 10 paru en 2018\"},{\"@type\":\"BreadcrumbList\",\"@id\":\"https:\/\/www.r2ie.org\/index.php\/2023\/01\/20\/r2ie-2018-2-vol-10-intelligence-strategique-au-canada-un-panorama\/#breadcrumb\",\"itemListElement\":[{\"@type\":\"ListItem\",\"position\":1,\"name\":\"Accueil\",\"item\":\"https:\/\/www.r2ie.org\/\"},{\"@type\":\"ListItem\",\"position\":2,\"name\":\"R2ie 2018\/2 (Vol. 10) : Intelligence strat\u00e9gique au Canada : un panorama\"}]},{\"@type\":\"WebSite\",\"@id\":\"https:\/\/www.r2ie.org\/#website\",\"url\":\"https:\/\/www.r2ie.org\/\",\"name\":\"Revue Internationale d&#039;Intelligence Economique\",\"description\":\"\",\"publisher\":{\"@id\":\"https:\/\/www.r2ie.org\/#organization\"},\"potentialAction\":[{\"@type\":\"SearchAction\",\"target\":{\"@type\":\"EntryPoint\",\"urlTemplate\":\"https:\/\/www.r2ie.org\/?s={search_term_string}\"},\"query-input\":{\"@type\":\"PropertyValueSpecification\",\"valueRequired\":true,\"valueName\":\"search_term_string\"}}],\"inLanguage\":\"fr-FR\"},{\"@type\":\"Organization\",\"@id\":\"https:\/\/www.r2ie.org\/#organization\",\"name\":\"Revue Internationale d&#039;Intelligence Economique\",\"url\":\"https:\/\/www.r2ie.org\/\",\"logo\":{\"@type\":\"ImageObject\",\"inLanguage\":\"fr-FR\",\"@id\":\"https:\/\/www.r2ie.org\/#\/schema\/logo\/image\/\",\"url\":\"https:\/\/www.r2ie.org\/wp-content\/uploads\/2023\/01\/cropped-cropped-logo-r2ie-dc3a9gradc3a9.webp\",\"contentUrl\":\"https:\/\/www.r2ie.org\/wp-content\/uploads\/2023\/01\/cropped-cropped-logo-r2ie-dc3a9gradc3a9.webp\",\"width\":654,\"height\":251,\"caption\":\"Revue Internationale d&#039;Intelligence Economique\"},\"image\":{\"@id\":\"https:\/\/www.r2ie.org\/#\/schema\/logo\/image\/\"}},{\"@type\":\"Person\",\"@id\":\"https:\/\/www.r2ie.org\/#\/schema\/person\/21294a3f2e9738890df774993726cb49\",\"name\":\"R2IE\",\"image\":{\"@type\":\"ImageObject\",\"inLanguage\":\"fr-FR\",\"@id\":\"https:\/\/www.r2ie.org\/#\/schema\/person\/image\/\",\"url\":\"https:\/\/secure.gravatar.com\/avatar\/e2f01e4bdf22419df786661089f63860b50344c1708b70c65789fdf1a24567fc?s=96&d=mm&r=g\",\"contentUrl\":\"https:\/\/secure.gravatar.com\/avatar\/e2f01e4bdf22419df786661089f63860b50344c1708b70c65789fdf1a24567fc?s=96&d=mm&r=g\",\"caption\":\"R2IE\"},\"url\":\"https:\/\/www.r2ie.org\/index.php\/author\/ibrahim\/\"}]}<\/script>\n<!-- \/ Yoast SEO plugin. -->","yoast_head_json":{"title":"R2ie 2018\/2 (Vol. 10) : Intelligence strat\u00e9gique au Canada : un panorama - Revue Internationale d&#039;Intelligence Economique","robots":{"index":"index","follow":"follow","max-snippet":"max-snippet:-1","max-image-preview":"max-image-preview:large","max-video-preview":"max-video-preview:-1"},"canonical":"https:\/\/www.r2ie.org\/index.php\/2023\/01\/20\/r2ie-2018-2-vol-10-intelligence-strategique-au-canada-un-panorama\/","og_locale":"fr_FR","og_type":"article","og_title":"R2ie 2018\/2 (Vol. 10) : Intelligence strat\u00e9gique au Canada : un panorama - Revue Internationale d&#039;Intelligence Economique","og_description":"Avec le num\u00e9ro 10 \u2013 (2\/2018), la&nbsp;Revue Internationale d\u2019Intelligence \u00c9conomique&nbsp;ouvre une s\u00e9rie de num\u00e9ros sp\u00e9ciaux dits \u00ab&nbsp;Regards internationaux&nbsp;\u00bb consacr\u00e9s \u00e0 l\u2019intelligence \u00e9conomique telle qu\u2019elle se pratique \u00e0 l\u2019\u00e9tranger. Si l\u2019on peut faire l\u2019hypoth\u00e8se qu\u2019il existe des invariants de l\u2019intelligence \u00e9conomique quel que soit le contexte local (la n\u00e9cessit\u00e9 de l\u2019information, de l\u2019action collective, l\u2019existence de...","og_url":"https:\/\/www.r2ie.org\/index.php\/2023\/01\/20\/r2ie-2018-2-vol-10-intelligence-strategique-au-canada-un-panorama\/","og_site_name":"Revue Internationale d&#039;Intelligence Economique","article_published_time":"2023-01-20T20:23:13+00:00","article_modified_time":"2023-01-21T13:35:22+00:00","og_image":[{"width":214,"height":300,"url":"https:\/\/www.r2ie.org\/wp-content\/uploads\/2023\/01\/couverture-numero-2018-2-vol-10.webp","type":"image\/webp"}],"author":"R2IE","twitter_card":"summary_large_image","twitter_misc":{"\u00c9crit par":"R2IE","Dur\u00e9e de lecture estim\u00e9e":"3 minutes"},"schema":{"@context":"https:\/\/schema.org","@graph":[{"@type":"Article","@id":"https:\/\/www.r2ie.org\/index.php\/2023\/01\/20\/r2ie-2018-2-vol-10-intelligence-strategique-au-canada-un-panorama\/#article","isPartOf":{"@id":"https:\/\/www.r2ie.org\/index.php\/2023\/01\/20\/r2ie-2018-2-vol-10-intelligence-strategique-au-canada-un-panorama\/"},"author":{"name":"R2IE","@id":"https:\/\/www.r2ie.org\/#\/schema\/person\/21294a3f2e9738890df774993726cb49"},"headline":"R2ie 2018\/2 (Vol. 10) : Intelligence strat\u00e9gique au Canada : un panorama","datePublished":"2023-01-20T20:23:13+00:00","dateModified":"2023-01-21T13:35:22+00:00","mainEntityOfPage":{"@id":"https:\/\/www.r2ie.org\/index.php\/2023\/01\/20\/r2ie-2018-2-vol-10-intelligence-strategique-au-canada-un-panorama\/"},"wordCount":608,"commentCount":0,"publisher":{"@id":"https:\/\/www.r2ie.org\/#organization"},"image":{"@id":"https:\/\/www.r2ie.org\/index.php\/2023\/01\/20\/r2ie-2018-2-vol-10-intelligence-strategique-au-canada-un-panorama\/#primaryimage"},"thumbnailUrl":"https:\/\/www.r2ie.org\/wp-content\/uploads\/2023\/01\/couverture-numero-2018-2-vol-10.webp","articleSection":["2018","Publications"],"inLanguage":"fr-FR"},{"@type":"WebPage","@id":"https:\/\/www.r2ie.org\/index.php\/2023\/01\/20\/r2ie-2018-2-vol-10-intelligence-strategique-au-canada-un-panorama\/","url":"https:\/\/www.r2ie.org\/index.php\/2023\/01\/20\/r2ie-2018-2-vol-10-intelligence-strategique-au-canada-un-panorama\/","name":"R2ie 2018\/2 (Vol. 10) : Intelligence strat\u00e9gique au Canada : un panorama - Revue Internationale d&#039;Intelligence Economique","isPartOf":{"@id":"https:\/\/www.r2ie.org\/#website"},"primaryImageOfPage":{"@id":"https:\/\/www.r2ie.org\/index.php\/2023\/01\/20\/r2ie-2018-2-vol-10-intelligence-strategique-au-canada-un-panorama\/#primaryimage"},"image":{"@id":"https:\/\/www.r2ie.org\/index.php\/2023\/01\/20\/r2ie-2018-2-vol-10-intelligence-strategique-au-canada-un-panorama\/#primaryimage"},"thumbnailUrl":"https:\/\/www.r2ie.org\/wp-content\/uploads\/2023\/01\/couverture-numero-2018-2-vol-10.webp","datePublished":"2023-01-20T20:23:13+00:00","dateModified":"2023-01-21T13:35:22+00:00","breadcrumb":{"@id":"https:\/\/www.r2ie.org\/index.php\/2023\/01\/20\/r2ie-2018-2-vol-10-intelligence-strategique-au-canada-un-panorama\/#breadcrumb"},"inLanguage":"fr-FR","potentialAction":[{"@type":"ReadAction","target":["https:\/\/www.r2ie.org\/index.php\/2023\/01\/20\/r2ie-2018-2-vol-10-intelligence-strategique-au-canada-un-panorama\/"]}]},{"@type":"ImageObject","inLanguage":"fr-FR","@id":"https:\/\/www.r2ie.org\/index.php\/2023\/01\/20\/r2ie-2018-2-vol-10-intelligence-strategique-au-canada-un-panorama\/#primaryimage","url":"https:\/\/www.r2ie.org\/wp-content\/uploads\/2023\/01\/couverture-numero-2018-2-vol-10.webp","contentUrl":"https:\/\/www.r2ie.org\/wp-content\/uploads\/2023\/01\/couverture-numero-2018-2-vol-10.webp","width":214,"height":300,"caption":"Couverture du deuxi\u00e8me num\u00e9ro du volume 10 paru en 2018"},{"@type":"BreadcrumbList","@id":"https:\/\/www.r2ie.org\/index.php\/2023\/01\/20\/r2ie-2018-2-vol-10-intelligence-strategique-au-canada-un-panorama\/#breadcrumb","itemListElement":[{"@type":"ListItem","position":1,"name":"Accueil","item":"https:\/\/www.r2ie.org\/"},{"@type":"ListItem","position":2,"name":"R2ie 2018\/2 (Vol. 10) : Intelligence strat\u00e9gique au Canada : un panorama"}]},{"@type":"WebSite","@id":"https:\/\/www.r2ie.org\/#website","url":"https:\/\/www.r2ie.org\/","name":"Revue Internationale d&#039;Intelligence Economique","description":"","publisher":{"@id":"https:\/\/www.r2ie.org\/#organization"},"potentialAction":[{"@type":"SearchAction","target":{"@type":"EntryPoint","urlTemplate":"https:\/\/www.r2ie.org\/?s={search_term_string}"},"query-input":{"@type":"PropertyValueSpecification","valueRequired":true,"valueName":"search_term_string"}}],"inLanguage":"fr-FR"},{"@type":"Organization","@id":"https:\/\/www.r2ie.org\/#organization","name":"Revue Internationale d&#039;Intelligence Economique","url":"https:\/\/www.r2ie.org\/","logo":{"@type":"ImageObject","inLanguage":"fr-FR","@id":"https:\/\/www.r2ie.org\/#\/schema\/logo\/image\/","url":"https:\/\/www.r2ie.org\/wp-content\/uploads\/2023\/01\/cropped-cropped-logo-r2ie-dc3a9gradc3a9.webp","contentUrl":"https:\/\/www.r2ie.org\/wp-content\/uploads\/2023\/01\/cropped-cropped-logo-r2ie-dc3a9gradc3a9.webp","width":654,"height":251,"caption":"Revue Internationale d&#039;Intelligence Economique"},"image":{"@id":"https:\/\/www.r2ie.org\/#\/schema\/logo\/image\/"}},{"@type":"Person","@id":"https:\/\/www.r2ie.org\/#\/schema\/person\/21294a3f2e9738890df774993726cb49","name":"R2IE","image":{"@type":"ImageObject","inLanguage":"fr-FR","@id":"https:\/\/www.r2ie.org\/#\/schema\/person\/image\/","url":"https:\/\/secure.gravatar.com\/avatar\/e2f01e4bdf22419df786661089f63860b50344c1708b70c65789fdf1a24567fc?s=96&d=mm&r=g","contentUrl":"https:\/\/secure.gravatar.com\/avatar\/e2f01e4bdf22419df786661089f63860b50344c1708b70c65789fdf1a24567fc?s=96&d=mm&r=g","caption":"R2IE"},"url":"https:\/\/www.r2ie.org\/index.php\/author\/ibrahim\/"}]}},"_links":{"self":[{"href":"https:\/\/www.r2ie.org\/index.php\/wp-json\/wp\/v2\/posts\/1248","targetHints":{"allow":["GET"]}}],"collection":[{"href":"https:\/\/www.r2ie.org\/index.php\/wp-json\/wp\/v2\/posts"}],"about":[{"href":"https:\/\/www.r2ie.org\/index.php\/wp-json\/wp\/v2\/types\/post"}],"author":[{"embeddable":true,"href":"https:\/\/www.r2ie.org\/index.php\/wp-json\/wp\/v2\/users\/2"}],"replies":[{"embeddable":true,"href":"https:\/\/www.r2ie.org\/index.php\/wp-json\/wp\/v2\/comments?post=1248"}],"version-history":[{"count":5,"href":"https:\/\/www.r2ie.org\/index.php\/wp-json\/wp\/v2\/posts\/1248\/revisions"}],"predecessor-version":[{"id":1592,"href":"https:\/\/www.r2ie.org\/index.php\/wp-json\/wp\/v2\/posts\/1248\/revisions\/1592"}],"wp:featuredmedia":[{"embeddable":true,"href":"https:\/\/www.r2ie.org\/index.php\/wp-json\/wp\/v2\/media\/1258"}],"wp:attachment":[{"href":"https:\/\/www.r2ie.org\/index.php\/wp-json\/wp\/v2\/media?parent=1248"}],"wp:term":[{"taxonomy":"category","embeddable":true,"href":"https:\/\/www.r2ie.org\/index.php\/wp-json\/wp\/v2\/categories?post=1248"},{"taxonomy":"post_tag","embeddable":true,"href":"https:\/\/www.r2ie.org\/index.php\/wp-json\/wp\/v2\/tags?post=1248"}],"curies":[{"name":"wp","href":"https:\/\/api.w.org\/{rel}","templated":true}]}}